{"id":1040,"date":"2023-07-26T10:39:08","date_gmt":"2023-07-26T10:39:08","guid":{"rendered":"https:\/\/magazin.adullam.ch\/?p=1040"},"modified":"2024-08-07T14:33:47","modified_gmt":"2024-08-07T12:33:47","slug":"stuhlinkontinenz-ab-jetzt-weht-ein-anderer-wind","status":"publish","type":"post","link":"https:\/\/www.adullam.ch\/magazin\/stuhlinkontinenz-ab-jetzt-weht-ein-anderer-wind\/","title":{"rendered":"Stuhlinkontinenz: Ab jetzt weht ein anderer Wind?"},"content":{"rendered":"<p>[et_pb_section fb_built=&#187;1&#8243; _builder_version=&#187;4.21.0&#8243; _module_preset=&#187;default&#187; global_colors_info=&#187;{}&#187;][et_pb_row _builder_version=&#187;4.21.0&#8243; _module_preset=&#187;default&#187; global_colors_info=&#187;{}&#187;][et_pb_column type=&#187;4_4&#8243; _builder_version=&#187;4.21.0&#8243; _module_preset=&#187;default&#187; global_colors_info=&#187;{}&#187;][et_pb_text admin_label=&#187;Einleitung&#187; module_class=&#187;lauftext textinitial&#187; _builder_version=&#187;4.21.0&#8243; _module_preset=&#187;default&#187; text_orientation=&#187;justified&#187; text_orientation_tablet=&#187;left&#187; text_orientation_phone=&#187;left&#187; text_orientation_last_edited=&#187;on|tablet&#187; global_colors_info=&#187;{}&#187;]<\/p>\n<h2>Wirklich oft h\u00f6rt man Betroffene nicht davon sprechen, denn sie besteht hartn\u00e4ckig, die Scham rund um die Stuhlinkontinenz. Wo der ganze Mist herkommt und was gegen negative Gedankenf\u00fcrze rund um die Erkrankung hilft, erfahren Sie in diesem Artikel.<\/h2>\n<p>&nbsp;<\/p>\n<p>Nicht nur \u00e4ltere Menschen kennen das Problem: Pl\u00f6tzlich ist da etwas mehr \u201eSubstanz\u201c als nur reine Bl\u00e4hung. Und dieses Mehr l\u00e4sst sich, anders als fr\u00fcher, nicht kontrollieren.<\/p>\n<p>Die Gr\u00fcnde daf\u00fcr sind vielf\u00e4ltig: Neben dem fortgeschrittenen Alter z\u00e4hlen auch unterschiedliche anatomische Ver\u00e4nderungen, Erkrankungen oder Verletzungen des Nervensystems sowie die Verwendung bestimmter Medikamente zu den Ursachen f\u00fcr Stuhlinkontinenz.<\/p>\n<p>Bemerkt wird die Erkrankung meist erst dann, wenn sie schon in vollem Gange ist. Das liegt daran, dass Bl\u00e4hungen, Flatulenzen oder auch mal Stuhlschmiere den meisten von uns bekannt sind &#8211; und auch erstmal als harmlos abgetan werden kann.<\/p>\n<p>H\u00e4ufen sich die Symptome oder nehmen gar noch an Schweregrad zu, liegt die Vermutung einer Stuhlinkontinenz nahe. Zus\u00e4tzlich klagen Betroffene \u00fcber unwillk\u00fcrlichen Stuhlabgang, die Unf\u00e4higkeit, den Stuhlgang zu kontrollieren sowie oftmals auch \u00fcber chronische Verstopfung. In anderen Worten: Das Leben dreht sich pl\u00f6tzlich nur noch um Mist.<\/p>\n<p>[\/et_pb_text][\/et_pb_column][\/et_pb_row][et_pb_row _builder_version=&#187;4.21.0&#8243; _module_preset=&#187;default&#187; global_colors_info=&#187;{}&#187;][et_pb_column type=&#187;4_4&#8243; _builder_version=&#187;4.21.0&#8243; _module_preset=&#187;default&#187; global_colors_info=&#187;{}&#187;][et_pb_text module_class=&#187;lauftext&#187; _builder_version=&#187;4.21.0&#8243; _module_preset=&#187;default&#187; text_orientation=&#187;justified&#187; text_orientation_tablet=&#187;left&#187; text_orientation_phone=&#187;left&#187; text_orientation_last_edited=&#187;on|tablet&#187; global_colors_info=&#187;{}&#187;]<\/p>\n<h2>Was man dagegen tun kann<\/h2>\n<p>Die Behandlung von Stuhlinkontinenz h\u00e4ngt von der Ursache und dem Schweregrad der Erkrankung ab. In einigen F\u00e4llen k\u00f6nnen einfache \u00c4nderungen des Lebensstils wie Ern\u00e4hrungsumstellungen, Bewegung und die Verwendung von Toilettenhilfsmitteln wie Toilettenst\u00fchlen und Sitzverkleinerungen helfen.<\/p>\n<p>In schwereren F\u00e4llen k\u00f6nnen Medikamente wie Abf\u00fchrmittel oder Antidiarrhoika verschrieben werden, um die Symptome zu lindern. In einigen F\u00e4llen kann eine Operation erforderlich sein, um anatomische Ver\u00e4nderungen oder Sch\u00e4den an Schliessmuskeln und Beckenboden zu reparieren.<\/p>\n<p>[\/et_pb_text][\/et_pb_column][\/et_pb_row][et_pb_row _builder_version=&#187;4.21.0&#8243; _module_preset=&#187;default&#187; global_colors_info=&#187;{}&#187;][et_pb_column type=&#187;4_4&#8243; _builder_version=&#187;4.21.0&#8243; _module_preset=&#187;default&#187; global_colors_info=&#187;{}&#187;][et_pb_image src=&#187;https:\/\/www.adullam.ch\/magazin\/wp-content\/uploads\/2023\/07\/Stuhinkontinenz-Beitrag.png&#187; alt=&#187;Stuhlinkontinenz kann den Alltag Beeintr\u00e4chtigen&#187; title_text=&#187;Stuhinkontinenz-Beitrag&#187; _builder_version=&#187;4.21.0&#8243; _module_preset=&#187;default&#187; global_colors_info=&#187;{}&#187;][\/et_pb_image][\/et_pb_column][\/et_pb_row][et_pb_row column_structure=&#187;2_5,3_5&#8243; _builder_version=&#187;4.21.0&#8243; _module_preset=&#187;default&#187; global_colors_info=&#187;{}&#187;][et_pb_column type=&#187;2_5&#8243; _builder_version=&#187;4.21.0&#8243; _module_preset=&#187;default&#187; global_colors_info=&#187;{}&#187;][et_pb_text module_class=&#187;lauftext&#187; _builder_version=&#187;4.21.0&#8243; _module_preset=&#187;default&#187; text_orientation=&#187;justified&#187; text_orientation_tablet=&#187;left&#187; text_orientation_phone=&#187;left&#187; text_orientation_last_edited=&#187;on|tablet&#187; global_colors_info=&#187;{}&#187;]<\/p>\n<h2>Was kann man selbst tun?<\/h2>\n<p>Nicht zuletzt die Scham ist es, die viele Betroffene davon abh\u00e4lt, offen \u00fcber ihre Symptome zu sprechen. \u00c4rzt:innen berichten, dass ihre Patient:innen selbst in der anonymen Sprechstunde anderweitige Symptome vorschieben, bevor sie die Ausmasse ihrer eigentlichen Symptomatik beklagen.<\/p>\n<p>Dabei verhindert diese Zur\u00fcckhaltung, dass Therapien fr\u00fchzeitig begonnen und dadurch Leid vermindern k\u00f6nnten. Wenn Sie sich jetzt ertappt f\u00fchlen, dann begreifen Sie diese Zeilen gerne als Zeichen, mit ihrer \u00c4rzt:in des Vertrauens Tacheles zu reden.<\/p>\n<p>[\/et_pb_text][et_pb_text module_class=&#187;lauftext&#187; _builder_version=&#187;4.21.0&#8243; _module_preset=&#187;default&#187; text_orientation=&#187;justified&#187; text_orientation_tablet=&#187;left&#187; text_orientation_phone=&#187;left&#187; text_orientation_last_edited=&#187;on|tablet&#187; global_colors_info=&#187;{}&#187;]<\/p>\n<h2>Gegen negative Gedankenf\u00fcrze<\/h2>\n<p>Den eigenen K\u00f6rper nicht kontrollieren zu k\u00f6nnen und das Gef\u00fchl zu haben, der Situation t\u00e4glich ausgeliefert zu sein, f\u00fchrt noch immer h\u00e4ufig zu schambehafteten Gr\u00fcbeleien und sozialem R\u00fcckzug. Lassen Sie sich von der falschen Scham nicht hindern, nach geeigneten Therapiem\u00f6glichkeiten zu suchen!<\/p>\n<p>Es gibt eine Auswahl an Schweizer Patientenforen und Expert:innen-Vortr\u00e4ge rund um das Thema Inkontinenz, bei denen Sie sich \u00fcber alle Therapiem\u00f6glichkeiten informieren und mit Gleichgesinnten austauschen k\u00f6nnen, ohne sich direkt in einem Arztgespr\u00e4ch \u00f6ffnen zu m\u00fcssen. Schauen Sie doch einfach mal auf den Online-Veranstaltungsseiten der Darmkliniken in Ihrer N\u00e4he um \u2013 und trauen Sie sich, den (mentalen) Druck abzubauen.<\/p>\n<p>[\/et_pb_text][\/et_pb_column][et_pb_column type=&#187;3_5&#8243; _builder_version=&#187;4.21.0&#8243; _module_preset=&#187;default&#187; global_colors_info=&#187;{}&#187;][et_pb_blurb title=&#187;Tipps&#187; use_icon=&#187;on&#187; font_icon=&#187;&#xf12a;||fa||900&#8243; image_icon_width=&#187;50px&#187; icon_alignment=&#187;left&#187; content_max_width=&#187;1100px&#187; module_class=&#187;tippsbox&#187; _builder_version=&#187;4.21.0&#8243; _module_preset=&#187;default&#187; header_level=&#187;h2&#8243; header_font=&#187;||||||||&#187; body_font=&#187;Gupter||||||||&#187; body_font_size=&#187;24px&#187; background_color=&#187;gcid-6c3495d3-ec07-4663-b383-3af846586beb&#187; image_icon_custom_margin=&#187;|||10px|false|false&#187; custom_padding=&#187;15px|15px|15px|15px|true|true&#187; global_colors_info=&#187;{%22gcid-6c3495d3-ec07-4663-b383-3af846586beb%22:%91%22background_color%22%93}&#187;]<\/p>\n<p>Probieren sie doch folgende Therapien aus, die Sie selbst durchf\u00fchren k\u00f6nnen, um ihre Situation zu verbessern:<\/p>\n<ul>\n<li>Ballaststoffe \u2013 die St\u00f6psel f\u00fcr den Darm: Ballaststoffe quellen im Magen und Darm auf, vor allem, wenn Sie gen\u00fcgend dazu trinken. Was bei gesunden Menschen zu Verstopfung f\u00fchrt, kann bei Stuhlinkontinenz zu einer verbesserten Konsistenz des Stuhls f\u00fchren.<\/li>\n<li>\u201eLiebes Tagebuch \u2026\u201c: Machen Sie sich in einem Ern\u00e4hrungs- und Stuhltagebuch Notizen zur Vertr\u00e4glichkeit bestimmter Lebensmittel. Manchmal kann es schon helfen, bestimmte Produkte wegzulassen, um eine Besserung zu erzielen.<\/li>\n<li>Gymnastik f\u00fcr den \u2026 Po?: Beckenbodengymnastik hat sich als sehr effektiv in der Verbesserung der Stuhlinkontinenz bew\u00e4hrt. Sie hilft nachweislich sogar pr\u00e4ventiv!<\/li>\n<li>Verwenden Sie kleine Hilfsmittel: Im Alltag k\u00f6nnen sie auf Inkontinenzvorlagen oder -hosen zur\u00fcckgreifen, um kleineren und gr\u00f6sseren Zwischenf\u00e4llen vorzubeugen. Auch ein Beutel, um den Stuhl aufzufangen oder Analtampons k\u00f6nnen daf\u00fcr sorgen, dass sich Ihre Gedanken nicht in jeder Situation um Mist drehen.<\/li>\n<li>Wie immer gilt &#8211; Hygiene ist das A und O: Stuhlreste in der Analregion k\u00f6nnen Entz\u00fcndungen hervorrufen und verbessern die Situation dadurch logischerweise nicht gerade. Achten Sie daher auf ausreichend Hygiene, um sich auch nach wie vor wohl f\u00fchlen zu k\u00f6nnen \u2013 auch wenn Sie daf\u00fcr vielleicht ein wenig mehr machen m\u00fcssen als zuvor.<\/li>\n<\/ul>\n<p>[\/et_pb_blurb][\/et_pb_column][\/et_pb_row][et_pb_row _builder_version=&#187;4.21.0&#8243; _module_preset=&#187;default&#187; global_colors_info=&#187;{}&#187;][et_pb_column type=&#187;4_4&#8243; _builder_version=&#187;4.21.0&#8243; _module_preset=&#187;default&#187; global_colors_info=&#187;{}&#187;][et_pb_text module_class=&#187;lauftext&#187; _builder_version=&#187;4.21.0&#8243; _module_preset=&#187;default&#187; text_orientation=&#187;justified&#187; global_colors_info=&#187;{}&#187;]<\/p>\n<h2><a href=\"https:\/\/www.adullam.ch\/magazin\/redaktion\/\" target=\"_blank\" rel=\"noopener\">(SR)<\/a><\/h2>\n<p>&nbsp;<\/p>\n<p>[\/et_pb_text][\/et_pb_column][\/et_pb_row][\/et_pb_section]<\/p>\n","protected":false},"excerpt":{"rendered":"<p>Wirklich oft h\u00f6rt man Betroffene nicht davon sprechen, denn sie besteht hartn\u00e4ckig, die Scham rund um die Stuhlinkontinenz. Wo der ganze Mist herkommt und was gegen negative Gedankenf\u00fcrze rund um die Erkrankung hilft, erfahren Sie in diesem Artikel.<\/p>\n","protected":false},"author":3,"featured_media":1046,"comment_status":"open","ping_status":"open","sticky":false,"template":"","format":"standard","meta":{"_et_pb_use_builder":"on","_et_pb_old_content":"","_et_gb_content_width":"","footnotes":""},"categories":[13,15],"tags":[],"class_list":["post-1040","post","type-post","status-publish","format-standard","has-post-thumbnail","hentry","category-einfacherklaert","category-startseite"],"acf":[],"yoast_head":"<!-- This site is optimized with the Yoast SEO plugin v27.5 - https:\/\/yoast.com\/product\/yoast-seo-wordpress\/ -->\n<title>Stuhlinkontinenz: Ab jetzt weht ein anderer Wind? | silberFuchs<\/title>\n<meta name=\"description\" content=\"Entdecken Sie, wie Sie mit Stuhlinkontinenz umgehen k\u00f6nnen, um Ihr Leben unbeschwerter und selbstbestimmter zu gestalten. \u25ba Jetzt nachlesen!\" \/>\n<meta name=\"robots\" content=\"index, follow, max-snippet:-1, max-image-preview:large, max-video-preview:-1\" \/>\n<link rel=\"canonical\" href=\"https:\/\/www.adullam.ch\/magazin\/stuhlinkontinenz-ab-jetzt-weht-ein-anderer-wind\/\" \/>\n<meta property=\"og:locale\" content=\"de_DE\" \/>\n<meta property=\"og:type\" content=\"article\" \/>\n<meta property=\"og:title\" content=\"Stuhlinkontinenz: Ab jetzt weht ein anderer Wind? | silberFuchs\" \/>\n<meta property=\"og:description\" content=\"Entdecken Sie, wie Sie mit Stuhlinkontinenz umgehen k\u00f6nnen, um Ihr Leben unbeschwerter und selbstbestimmter zu gestalten. \u25ba Jetzt nachlesen!\" \/>\n<meta property=\"og:url\" content=\"https:\/\/www.adullam.ch\/magazin\/stuhlinkontinenz-ab-jetzt-weht-ein-anderer-wind\/\" \/>\n<meta property=\"og:site_name\" content=\"silberFuchs\" \/>\n<meta property=\"article:published_time\" content=\"2023-07-26T10:39:08+00:00\" \/>\n<meta property=\"article:modified_time\" content=\"2024-08-07T12:33:47+00:00\" \/>\n<meta property=\"og:image\" content=\"https:\/\/www.adullam.ch\/magazin\/wp-content\/uploads\/2023\/07\/Stuhinkontinenz_Teaser.png\" \/>\n\t<meta property=\"og:image:width\" content=\"1500\" \/>\n\t<meta property=\"og:image:height\" content=\"843\" \/>\n\t<meta property=\"og:image:type\" content=\"image\/png\" \/>\n<meta name=\"author\" content=\"Claudia Wasmer\" \/>\n<meta name=\"twitter:card\" content=\"summary_large_image\" \/>\n<meta name=\"twitter:label1\" content=\"Geschrieben von\" \/>\n\t<meta name=\"twitter:data1\" content=\"Claudia Wasmer\" \/>\n\t<meta name=\"twitter:label2\" content=\"Gesch\u00e4tzte Lesezeit\" \/>\n\t<meta name=\"twitter:data2\" content=\"4\u00a0Minuten\" \/>\n<script type=\"application\/ld+json\" class=\"yoast-schema-graph\">{\"@context\":\"https:\\\/\\\/schema.org\",\"@graph\":[{\"@type\":\"Article\",\"@id\":\"https:\\\/\\\/www.adullam.ch\\\/magazin\\\/stuhlinkontinenz-ab-jetzt-weht-ein-anderer-wind\\\/#article\",\"isPartOf\":{\"@id\":\"https:\\\/\\\/www.adullam.ch\\\/magazin\\\/stuhlinkontinenz-ab-jetzt-weht-ein-anderer-wind\\\/\"},\"author\":{\"name\":\"Claudia Wasmer\",\"@id\":\"https:\\\/\\\/www.adullam.ch\\\/magazin\\\/#\\\/schema\\\/person\\\/6ed0856fe3f6d3a2366d7469668cd0bf\"},\"headline\":\"Stuhlinkontinenz: Ab jetzt weht ein anderer Wind?\",\"datePublished\":\"2023-07-26T10:39:08+00:00\",\"dateModified\":\"2024-08-07T12:33:47+00:00\",\"mainEntityOfPage\":{\"@id\":\"https:\\\/\\\/www.adullam.ch\\\/magazin\\\/stuhlinkontinenz-ab-jetzt-weht-ein-anderer-wind\\\/\"},\"wordCount\":1181,\"commentCount\":0,\"publisher\":{\"@id\":\"https:\\\/\\\/www.adullam.ch\\\/magazin\\\/#organization\"},\"image\":{\"@id\":\"https:\\\/\\\/www.adullam.ch\\\/magazin\\\/stuhlinkontinenz-ab-jetzt-weht-ein-anderer-wind\\\/#primaryimage\"},\"thumbnailUrl\":\"https:\\\/\\\/www.adullam.ch\\\/magazin\\\/wp-content\\\/uploads\\\/2023\\\/07\\\/Stuhinkontinenz_Teaser.png\",\"articleSection\":[\"Medizin &amp; Gesundheit\",\"Startseite\"],\"inLanguage\":\"de-CH\",\"potentialAction\":[{\"@type\":\"CommentAction\",\"name\":\"Comment\",\"target\":[\"https:\\\/\\\/www.adullam.ch\\\/magazin\\\/stuhlinkontinenz-ab-jetzt-weht-ein-anderer-wind\\\/#respond\"]}]},{\"@type\":\"WebPage\",\"@id\":\"https:\\\/\\\/www.adullam.ch\\\/magazin\\\/stuhlinkontinenz-ab-jetzt-weht-ein-anderer-wind\\\/\",\"url\":\"https:\\\/\\\/www.adullam.ch\\\/magazin\\\/stuhlinkontinenz-ab-jetzt-weht-ein-anderer-wind\\\/\",\"name\":\"Stuhlinkontinenz: Ab jetzt weht ein anderer Wind? | silberFuchs\",\"isPartOf\":{\"@id\":\"https:\\\/\\\/www.adullam.ch\\\/magazin\\\/#website\"},\"primaryImageOfPage\":{\"@id\":\"https:\\\/\\\/www.adullam.ch\\\/magazin\\\/stuhlinkontinenz-ab-jetzt-weht-ein-anderer-wind\\\/#primaryimage\"},\"image\":{\"@id\":\"https:\\\/\\\/www.adullam.ch\\\/magazin\\\/stuhlinkontinenz-ab-jetzt-weht-ein-anderer-wind\\\/#primaryimage\"},\"thumbnailUrl\":\"https:\\\/\\\/www.adullam.ch\\\/magazin\\\/wp-content\\\/uploads\\\/2023\\\/07\\\/Stuhinkontinenz_Teaser.png\",\"datePublished\":\"2023-07-26T10:39:08+00:00\",\"dateModified\":\"2024-08-07T12:33:47+00:00\",\"description\":\"Entdecken Sie, wie Sie mit Stuhlinkontinenz umgehen k\u00f6nnen, um Ihr Leben unbeschwerter und selbstbestimmter zu gestalten. \u25ba Jetzt nachlesen!\",\"breadcrumb\":{\"@id\":\"https:\\\/\\\/www.adullam.ch\\\/magazin\\\/stuhlinkontinenz-ab-jetzt-weht-ein-anderer-wind\\\/#breadcrumb\"},\"inLanguage\":\"de-CH\",\"potentialAction\":[{\"@type\":\"ReadAction\",\"target\":[\"https:\\\/\\\/www.adullam.ch\\\/magazin\\\/stuhlinkontinenz-ab-jetzt-weht-ein-anderer-wind\\\/\"]}]},{\"@type\":\"ImageObject\",\"inLanguage\":\"de-CH\",\"@id\":\"https:\\\/\\\/www.adullam.ch\\\/magazin\\\/stuhlinkontinenz-ab-jetzt-weht-ein-anderer-wind\\\/#primaryimage\",\"url\":\"https:\\\/\\\/www.adullam.ch\\\/magazin\\\/wp-content\\\/uploads\\\/2023\\\/07\\\/Stuhinkontinenz_Teaser.png\",\"contentUrl\":\"https:\\\/\\\/www.adullam.ch\\\/magazin\\\/wp-content\\\/uploads\\\/2023\\\/07\\\/Stuhinkontinenz_Teaser.png\",\"width\":1500,\"height\":843,\"caption\":\"Stuhlinkontinenz kann jeden betreffen und sorgt oft f\u00fcr Scham.\"},{\"@type\":\"BreadcrumbList\",\"@id\":\"https:\\\/\\\/www.adullam.ch\\\/magazin\\\/stuhlinkontinenz-ab-jetzt-weht-ein-anderer-wind\\\/#breadcrumb\",\"itemListElement\":[{\"@type\":\"ListItem\",\"position\":1,\"name\":\"Startseite\",\"item\":\"https:\\\/\\\/www.adullam.ch\\\/magazin\\\/\"},{\"@type\":\"ListItem\",\"position\":2,\"name\":\"Stuhlinkontinenz: Ab jetzt weht ein anderer Wind?\"}]},{\"@type\":\"WebSite\",\"@id\":\"https:\\\/\\\/www.adullam.ch\\\/magazin\\\/#website\",\"url\":\"https:\\\/\\\/www.adullam.ch\\\/magazin\\\/\",\"name\":\"silberFuchs\",\"description\":\"Das Online-Magazin der Adullam Spit\u00e4ler und Pflegezentren\",\"publisher\":{\"@id\":\"https:\\\/\\\/www.adullam.ch\\\/magazin\\\/#organization\"},\"potentialAction\":[{\"@type\":\"SearchAction\",\"target\":{\"@type\":\"EntryPoint\",\"urlTemplate\":\"https:\\\/\\\/www.adullam.ch\\\/magazin\\\/?s={search_term_string}\"},\"query-input\":{\"@type\":\"PropertyValueSpecification\",\"valueRequired\":true,\"valueName\":\"search_term_string\"}}],\"inLanguage\":\"de-CH\"},{\"@type\":\"Organization\",\"@id\":\"https:\\\/\\\/www.adullam.ch\\\/magazin\\\/#organization\",\"name\":\"silverFuchs\",\"alternateName\":\"Magazin von Adullam\",\"url\":\"https:\\\/\\\/www.adullam.ch\\\/magazin\\\/\",\"logo\":{\"@type\":\"ImageObject\",\"inLanguage\":\"de-CH\",\"@id\":\"https:\\\/\\\/www.adullam.ch\\\/magazin\\\/#\\\/schema\\\/logo\\\/image\\\/\",\"url\":\"https:\\\/\\\/www.adullam.ch\\\/magazin\\\/wp-content\\\/uploads\\\/2023\\\/08\\\/cropped-silberFuchs_Favicon.png\",\"contentUrl\":\"https:\\\/\\\/www.adullam.ch\\\/magazin\\\/wp-content\\\/uploads\\\/2023\\\/08\\\/cropped-silberFuchs_Favicon.png\",\"width\":512,\"height\":512,\"caption\":\"silverFuchs\"},\"image\":{\"@id\":\"https:\\\/\\\/www.adullam.ch\\\/magazin\\\/#\\\/schema\\\/logo\\\/image\\\/\"}},{\"@type\":\"Person\",\"@id\":\"https:\\\/\\\/www.adullam.ch\\\/magazin\\\/#\\\/schema\\\/person\\\/6ed0856fe3f6d3a2366d7469668cd0bf\",\"name\":\"Claudia Wasmer\"}]}<\/script>\n<!-- \/ Yoast SEO plugin. -->","yoast_head_json":{"title":"Stuhlinkontinenz: Ab jetzt weht ein anderer Wind? | silberFuchs","description":"Entdecken Sie, wie Sie mit Stuhlinkontinenz umgehen k\u00f6nnen, um Ihr Leben unbeschwerter und selbstbestimmter zu gestalten. \u25ba Jetzt nachlesen!","robots":{"index":"index","follow":"follow","max-snippet":"max-snippet:-1","max-image-preview":"max-image-preview:large","max-video-preview":"max-video-preview:-1"},"canonical":"https:\/\/www.adullam.ch\/magazin\/stuhlinkontinenz-ab-jetzt-weht-ein-anderer-wind\/","og_locale":"de_DE","og_type":"article","og_title":"Stuhlinkontinenz: Ab jetzt weht ein anderer Wind? | silberFuchs","og_description":"Entdecken Sie, wie Sie mit Stuhlinkontinenz umgehen k\u00f6nnen, um Ihr Leben unbeschwerter und selbstbestimmter zu gestalten. \u25ba Jetzt nachlesen!","og_url":"https:\/\/www.adullam.ch\/magazin\/stuhlinkontinenz-ab-jetzt-weht-ein-anderer-wind\/","og_site_name":"silberFuchs","article_published_time":"2023-07-26T10:39:08+00:00","article_modified_time":"2024-08-07T12:33:47+00:00","og_image":[{"width":1500,"height":843,"url":"https:\/\/www.adullam.ch\/magazin\/wp-content\/uploads\/2023\/07\/Stuhinkontinenz_Teaser.png","type":"image\/png"}],"author":"Claudia Wasmer","twitter_card":"summary_large_image","twitter_misc":{"Geschrieben von":"Claudia Wasmer","Gesch\u00e4tzte Lesezeit":"4\u00a0Minuten"},"schema":{"@context":"https:\/\/schema.org","@graph":[{"@type":"Article","@id":"https:\/\/www.adullam.ch\/magazin\/stuhlinkontinenz-ab-jetzt-weht-ein-anderer-wind\/#article","isPartOf":{"@id":"https:\/\/www.adullam.ch\/magazin\/stuhlinkontinenz-ab-jetzt-weht-ein-anderer-wind\/"},"author":{"name":"Claudia Wasmer","@id":"https:\/\/www.adullam.ch\/magazin\/#\/schema\/person\/6ed0856fe3f6d3a2366d7469668cd0bf"},"headline":"Stuhlinkontinenz: Ab jetzt weht ein anderer Wind?","datePublished":"2023-07-26T10:39:08+00:00","dateModified":"2024-08-07T12:33:47+00:00","mainEntityOfPage":{"@id":"https:\/\/www.adullam.ch\/magazin\/stuhlinkontinenz-ab-jetzt-weht-ein-anderer-wind\/"},"wordCount":1181,"commentCount":0,"publisher":{"@id":"https:\/\/www.adullam.ch\/magazin\/#organization"},"image":{"@id":"https:\/\/www.adullam.ch\/magazin\/stuhlinkontinenz-ab-jetzt-weht-ein-anderer-wind\/#primaryimage"},"thumbnailUrl":"https:\/\/www.adullam.ch\/magazin\/wp-content\/uploads\/2023\/07\/Stuhinkontinenz_Teaser.png","articleSection":["Medizin &amp; Gesundheit","Startseite"],"inLanguage":"de-CH","potentialAction":[{"@type":"CommentAction","name":"Comment","target":["https:\/\/www.adullam.ch\/magazin\/stuhlinkontinenz-ab-jetzt-weht-ein-anderer-wind\/#respond"]}]},{"@type":"WebPage","@id":"https:\/\/www.adullam.ch\/magazin\/stuhlinkontinenz-ab-jetzt-weht-ein-anderer-wind\/","url":"https:\/\/www.adullam.ch\/magazin\/stuhlinkontinenz-ab-jetzt-weht-ein-anderer-wind\/","name":"Stuhlinkontinenz: Ab jetzt weht ein anderer Wind? | silberFuchs","isPartOf":{"@id":"https:\/\/www.adullam.ch\/magazin\/#website"},"primaryImageOfPage":{"@id":"https:\/\/www.adullam.ch\/magazin\/stuhlinkontinenz-ab-jetzt-weht-ein-anderer-wind\/#primaryimage"},"image":{"@id":"https:\/\/www.adullam.ch\/magazin\/stuhlinkontinenz-ab-jetzt-weht-ein-anderer-wind\/#primaryimage"},"thumbnailUrl":"https:\/\/www.adullam.ch\/magazin\/wp-content\/uploads\/2023\/07\/Stuhinkontinenz_Teaser.png","datePublished":"2023-07-26T10:39:08+00:00","dateModified":"2024-08-07T12:33:47+00:00","description":"Entdecken Sie, wie Sie mit Stuhlinkontinenz umgehen k\u00f6nnen, um Ihr Leben unbeschwerter und selbstbestimmter zu gestalten. \u25ba Jetzt nachlesen!","breadcrumb":{"@id":"https:\/\/www.adullam.ch\/magazin\/stuhlinkontinenz-ab-jetzt-weht-ein-anderer-wind\/#breadcrumb"},"inLanguage":"de-CH","potentialAction":[{"@type":"ReadAction","target":["https:\/\/www.adullam.ch\/magazin\/stuhlinkontinenz-ab-jetzt-weht-ein-anderer-wind\/"]}]},{"@type":"ImageObject","inLanguage":"de-CH","@id":"https:\/\/www.adullam.ch\/magazin\/stuhlinkontinenz-ab-jetzt-weht-ein-anderer-wind\/#primaryimage","url":"https:\/\/www.adullam.ch\/magazin\/wp-content\/uploads\/2023\/07\/Stuhinkontinenz_Teaser.png","contentUrl":"https:\/\/www.adullam.ch\/magazin\/wp-content\/uploads\/2023\/07\/Stuhinkontinenz_Teaser.png","width":1500,"height":843,"caption":"Stuhlinkontinenz kann jeden betreffen und sorgt oft f\u00fcr Scham."},{"@type":"BreadcrumbList","@id":"https:\/\/www.adullam.ch\/magazin\/stuhlinkontinenz-ab-jetzt-weht-ein-anderer-wind\/#breadcrumb","itemListElement":[{"@type":"ListItem","position":1,"name":"Startseite","item":"https:\/\/www.adullam.ch\/magazin\/"},{"@type":"ListItem","position":2,"name":"Stuhlinkontinenz: Ab jetzt weht ein anderer Wind?"}]},{"@type":"WebSite","@id":"https:\/\/www.adullam.ch\/magazin\/#website","url":"https:\/\/www.adullam.ch\/magazin\/","name":"silberFuchs","description":"Das Online-Magazin der Adullam Spit\u00e4ler und Pflegezentren","publisher":{"@id":"https:\/\/www.adullam.ch\/magazin\/#organization"},"potentialAction":[{"@type":"SearchAction","target":{"@type":"EntryPoint","urlTemplate":"https:\/\/www.adullam.ch\/magazin\/?s={search_term_string}"},"query-input":{"@type":"PropertyValueSpecification","valueRequired":true,"valueName":"search_term_string"}}],"inLanguage":"de-CH"},{"@type":"Organization","@id":"https:\/\/www.adullam.ch\/magazin\/#organization","name":"silverFuchs","alternateName":"Magazin von Adullam","url":"https:\/\/www.adullam.ch\/magazin\/","logo":{"@type":"ImageObject","inLanguage":"de-CH","@id":"https:\/\/www.adullam.ch\/magazin\/#\/schema\/logo\/image\/","url":"https:\/\/www.adullam.ch\/magazin\/wp-content\/uploads\/2023\/08\/cropped-silberFuchs_Favicon.png","contentUrl":"https:\/\/www.adullam.ch\/magazin\/wp-content\/uploads\/2023\/08\/cropped-silberFuchs_Favicon.png","width":512,"height":512,"caption":"silverFuchs"},"image":{"@id":"https:\/\/www.adullam.ch\/magazin\/#\/schema\/logo\/image\/"}},{"@type":"Person","@id":"https:\/\/www.adullam.ch\/magazin\/#\/schema\/person\/6ed0856fe3f6d3a2366d7469668cd0bf","name":"Claudia Wasmer"}]}},"_links":{"self":[{"href":"https:\/\/www.adullam.ch\/magazin\/wp-json\/wp\/v2\/posts\/1040","targetHints":{"allow":["GET"]}}],"collection":[{"href":"https:\/\/www.adullam.ch\/magazin\/wp-json\/wp\/v2\/posts"}],"about":[{"href":"https:\/\/www.adullam.ch\/magazin\/wp-json\/wp\/v2\/types\/post"}],"author":[{"embeddable":true,"href":"https:\/\/www.adullam.ch\/magazin\/wp-json\/wp\/v2\/users\/3"}],"replies":[{"embeddable":true,"href":"https:\/\/www.adullam.ch\/magazin\/wp-json\/wp\/v2\/comments?post=1040"}],"version-history":[{"count":34,"href":"https:\/\/www.adullam.ch\/magazin\/wp-json\/wp\/v2\/posts\/1040\/revisions"}],"predecessor-version":[{"id":3879,"href":"https:\/\/www.adullam.ch\/magazin\/wp-json\/wp\/v2\/posts\/1040\/revisions\/3879"}],"wp:featuredmedia":[{"embeddable":true,"href":"https:\/\/www.adullam.ch\/magazin\/wp-json\/wp\/v2\/media\/1046"}],"wp:attachment":[{"href":"https:\/\/www.adullam.ch\/magazin\/wp-json\/wp\/v2\/media?parent=1040"}],"wp:term":[{"taxonomy":"category","embeddable":true,"href":"https:\/\/www.adullam.ch\/magazin\/wp-json\/wp\/v2\/categories?post=1040"},{"taxonomy":"post_tag","embeddable":true,"href":"https:\/\/www.adullam.ch\/magazin\/wp-json\/wp\/v2\/tags?post=1040"}],"curies":[{"name":"wp","href":"https:\/\/api.w.org\/{rel}","templated":true}]}}