{"id":10598,"date":"2025-09-12T17:14:25","date_gmt":"2025-09-12T15:14:25","guid":{"rendered":"https:\/\/www.adullam.ch\/magazin\/?p=10598"},"modified":"2025-10-20T14:36:17","modified_gmt":"2025-10-20T12:36:17","slug":"umzug-ins-altersheim-zwischen-vorurteilen-und-echter-lebensqualitaet","status":"publish","type":"post","link":"https:\/\/www.adullam.ch\/magazin\/umzug-ins-altersheim-zwischen-vorurteilen-und-echter-lebensqualitaet\/","title":{"rendered":"Umzug ins Altersheim: Zwischen Vorurteilen und echter Lebensqualit\u00e4t"},"content":{"rendered":"<p>[et_pb_section fb_built=&#187;1&#8243; _builder_version=&#187;4.21.0&#8243; _module_preset=&#187;default&#187; global_colors_info=&#187;{}&#187;][et_pb_row _builder_version=&#187;4.21.0&#8243; _module_preset=&#187;default&#187; global_colors_info=&#187;{}&#187;][et_pb_column type=&#187;4_4&#8243; _builder_version=&#187;4.21.0&#8243; _module_preset=&#187;default&#187; global_colors_info=&#187;{}&#187;][et_pb_text admin_label=&#187;Einleitung&#187; module_class=&#187;lauftext textinitial&#187; _builder_version=&#187;4.21.0&#8243; _module_preset=&#187;default&#187; hover_enabled=&#187;0&#8243; text_orientation_tablet=&#187;left&#187; text_orientation_phone=&#187;left&#187; text_orientation_last_edited=&#187;off|desktop&#187; global_colors_info=&#187;{}&#187; sticky_enabled=&#187;0&#8243;]<\/p>\n<h2>Die Entscheidung f\u00fcr ein Alters- oder Pflegeheim ist oft emotional \u2013 und mit vielen Vorurteilen behaftet. Doch moderne Heime bieten mehr als nur Pflege: Sie schaffen Sicherheit, Gemeinschaft und neue Lebensqualit\u00e4t. In diesem Artikel zeigen wir, was wirklich hinter den Klischees steckt und \u00fcber welche Vor- und Nachteile Sie sich Gedanken machen sollten.<\/h2>\n<p>Die Vorstellung, dass ein Altersheim das Ende von Selbstbestimmung und Lebensfreude bedeutet, h\u00e4lt sich hartn\u00e4ckig. Begriffe wie \u201eAbstellgleis\u201c oder \u201eEndstation\u201c sorgen oft f\u00fcr Angst und Zur\u00fcckhaltung \u2013 sowohl bei \u00e4lteren Menschen selbst als auch bei ihren Angeh\u00f6rigen. Doch wer sich heute mit modernen Pflegeeinrichtungen befasst, merkt schnell: Diese Bilder sind \u00fcberholt. Ein Altersheim kann viel mehr sein als nur ein Ort der Pflege \u2013 es kann ein neues Zuhause, ein sozialer Treffpunkt und ein Raum f\u00fcr Entwicklung sein.<\/p>\n<p>[\/et_pb_text][et_pb_text admin_label=&#187;Warum \u00fcberhaupt ein Altersheim?&#187; module_class=&#187;lauftext&#187; _builder_version=&#187;4.21.0&#8243; _module_preset=&#187;default&#187; text_orientation=&#187;justified&#187; text_orientation_tablet=&#187;left&#187; text_orientation_phone=&#187;left&#187; text_orientation_last_edited=&#187;on|desktop&#187; global_colors_info=&#187;{}&#187;]<\/p>\n<h2>Warum \u00fcberhaupt ein Altersheim?<\/h2>\n<p>Die Entscheidung f\u00fcr ein Alters- oder Pflegeheim ist nie leicht. Oft wird sie erst dann getroffen, wenn der Alltag zu Hause nicht mehr allein zu bew\u00e4ltigen ist \u2013 sei es durch k\u00f6rperliche Einschr\u00e4nkungen, Demenz, einen Unfall oder die \u00dcberforderung pflegender Angeh\u00f6riger. In solchen F\u00e4llen bietet ein Heim Sicherheit, professionelle Betreuung rund um die Uhr \u2013 und oft auch eine sp\u00fcrbare Entlastung f\u00fcr die ganze Familie.<br \/>\n[\/et_pb_text][et_pb_accordion open_toggle_text_color=&#187;#12876F&#187; closed_toggle_text_color=&#187;#12876F&#187; admin_label=&#187;Vor &#038; Nachteile&#187; module_class=&#187;pa-accordion&#187; _builder_version=&#187;4.21.0&#8243; _module_preset=&#187;default&#187; toggle_font_size=&#187;22px&#187; closed_toggle_font_size=&#187;22px&#187; global_colors_info=&#187;{}&#187;][et_pb_accordion_item title=&#187;Vorteile eines modernen Altersheims&#187; open=&#187;on&#187; _builder_version=&#187;4.21.0&#8243; _module_preset=&#187;default&#187; global_colors_info=&#187;{}&#187;]<\/p>\n<p><strong>1. Rund-um-die-Uhr-Betreuung:<\/strong> Qualifiziertes Pflegepersonal ist jederzeit vor Ort \u2013 medizinisch, pflegerisch und menschlich. Das gibt nicht nur Sicherheit, sondern schafft auch Vertrauen.<\/p>\n<p><strong>2. Soziale Kontakte und Gemeinschaft:<\/strong> Viele \u00e4ltere Menschen leiden zu Hause unter Einsamkeit. Im Heim entstehen neue Freundschaften, regelm\u00e4ssiger Austausch \u2013 ob im Speisesaal, bei Ausfl\u00fcgen oder Gruppenangeboten \u2013 ist Teil des Alltags.<\/p>\n<p><strong>3. Vielf\u00e4ltige Freizeitangebote:<\/strong> Moderne Altersheime bieten mehr als nur Betreuung: Musiktherapie, Sportgruppen, Ged\u00e4chtnistraining, Gartenarbeit, Kochangebote oder kulturelle Veranstaltungen f\u00f6rdern die Lebensfreude \u2013 auch bei Pflegebed\u00fcrftigkeit.<\/p>\n<p><strong>4. Entlastung der Angeh\u00f6rigen<\/strong>: Pflegende Angeh\u00f6rige gelangen oft an ihre Grenzen. Ein Heim kann nicht nur den \u00e4lteren Menschen entlasten, sondern auch die Beziehung zur Familie st\u00e4rken \u2013 weil gemeinsame Zeit wieder qualitativ statt organisatorisch gepr\u00e4gt ist.<\/p>\n<p><strong>5. Sicherheit und Barrierefreiheit:<\/strong> Zimmer, Badezimmer und Gemeinschaftsr\u00e4ume sind altersgerecht eingerichtet. Stolperfallen, enge G\u00e4nge oder fehlende Haltegriffe geh\u00f6ren der Vergangenheit an \u2013 ebenso wie die Sorge vor einem Sturz ohne Hilfe.<\/p>\n<p>[\/et_pb_accordion_item][et_pb_accordion_item title=&#187;Aber es gibt auch Nachteile&#187; _builder_version=&#187;4.21.0&#8243; _module_preset=&#187;default&#187; global_colors_info=&#187;{}&#187; open=&#187;off&#187;]<\/p>\n<p><strong>1. Vertrautes aufgeben:<\/strong> Ein Umzug bedeutet immer auch Abschied. Gewohnte Abl\u00e4ufe, Nachbarschaft, das eigene Zuhause \u2013 vieles muss zur\u00fcckgelassen werden. Das kann emotional herausfordernd sein.<\/p>\n<p><strong>2. Weniger Privatsph\u00e4re:<\/strong> Auch wenn es R\u00fcckzugsm\u00f6glichkeiten gibt, teilt man sich das Lebensumfeld mit vielen anderen Menschen. Das kann anstrengend sein \u2013 gerade f\u00fcr introvertierte Pers\u00f6nlichkeiten.<\/p>\n<p><strong>3. Eingeschr\u00e4nkter Raum:<\/strong> Oft lassen sich nur ausgew\u00e4hlte pers\u00f6nliche Gegenst\u00e4nde oder M\u00f6bel mitnehmen. Wer stark an seinem Zuhause h\u00e4ngt, tut sich mit dem Loslassen schwer.<\/p>\n<p><strong>4. Kosten:<\/strong> Die Unterbringung im Alters- oder Pflegeheim ist mit monatlichen Ausgaben verbunden, die nicht immer vollst\u00e4ndig durch die Renten- oder Versicherungsleistungen gedeckt sind. Eine fr\u00fchzeitige finanzielle Planung ist daher wichtig. Unter Umst\u00e4nden kann eine Erg\u00e4nzungsleistung beantragt werden.<\/p>\n<p>[\/et_pb_accordion_item][\/et_pb_accordion][et_pb_text admin_label=&#187;Was viele untersch\u00e4tzen: Das Leben im Altersheim&#187; module_class=&#187;lauftext&#187; _builder_version=&#187;4.21.0&#8243; _module_preset=&#187;default&#187; text_orientation=&#187;justified&#187; text_orientation_tablet=&#187;left&#187; text_orientation_phone=&#187;left&#187; text_orientation_last_edited=&#187;on|desktop&#187; global_colors_info=&#187;{}&#187;]<\/p>\n<h2>Was viele untersch\u00e4tzen: Das Leben im Altersheim<\/h2>\n<p>Viele haben kein realistisches Bild davon, wie sich der Alltag im Heim tats\u00e4chlich gestaltet. Dabei hat sich in den letzten Jahrzehnten viel ver\u00e4ndert. Heime sind heute Lebensr\u00e4ume \u2013 keine Institutionen mit striktem Regime. Die Bewohner entscheiden weitgehend selbst, wie sie ihren Tag gestalten. Sie k\u00f6nnen an Aktivit\u00e4ten wie gemeinsamem Musizieren oder Gymnastik teilnehmen, Besuch empfangen, sich zum Fernsehen oder Lesen zur\u00fcckziehen oder neue Menschen kennenlernen. Einige Heime bieten sogar Wellnessangebote, Bibliotheken, kleine Caf\u00e9s, G\u00e4rten oder Snoezelen-R\u00e4ume f\u00fcr sensorische Entspannung.<br \/>\n[\/et_pb_text][et_pb_text admin_label=&#187;Vorurteil: Altersheim = Abstellgleis?&#187; module_class=&#187;lauftext&#187; _builder_version=&#187;4.21.0&#8243; _module_preset=&#187;default&#187; text_orientation=&#187;justified&#187; text_orientation_tablet=&#187;left&#187; text_orientation_phone=&#187;left&#187; text_orientation_last_edited=&#187;on|desktop&#187; global_colors_info=&#187;{}&#187;]<\/p>\n<h2>Vorurteil: Altersheim = Abstellgleis?<\/h2>\n<p>Das Bild vom Altersheim als Abstellgleis ist l\u00e4ngst \u00fcberholt. Nat\u00fcrlich gibt es Einrichtungen mit Defiziten \u2013 wie \u00fcberall im Leben. Doch viele moderne Heime in der Schweiz setzen auf individuelle Betreuung, Mitgestaltung und Aktivierung. Hier steht der Mensch im Mittelpunkt, nicht nur seine Pflegebed\u00fcrftigkeit. Ein Altersheim ist kein R\u00fcckzug aus dem Leben \u2013 sondern kann ein neuer Lebensabschnitt sein, in dem Sicherheit, Struktur und neue soziale Impulse wieder Raum bekommen.<br \/>\n[\/et_pb_text][et_pb_blurb title=&#187;H\u00e4ufige Vorurteile \u2013 und was wirklich dahintersteckt&#187; use_icon=&#187;on&#187; font_icon=&#187;&#xf128;||fa||900&#8243; image_icon_width=&#187;50px&#187; icon_alignment=&#187;left&#187; content_max_width=&#187;1100px&#187; admin_label=&#187;H\u00e4ufige Vorurteile \u2013 und was wirklich dahintersteckt&#187; module_class=&#187;infobox&#187; _builder_version=&#187;4.21.0&#8243; _module_preset=&#187;default&#187; header_level=&#187;h2&#8243; header_font=&#187;||||||||&#187; body_font=&#187;Gupter||||||||&#187; body_font_size=&#187;24px&#187; background_color=&#187;gcid-6c3495d3-ec07-4663-b383-3af846586beb&#187; custom_padding=&#187;15px|15px|15px|15px|true|true&#187; global_colors_info=&#187;{%22gcid-6c3495d3-ec07-4663-b383-3af846586beb%22:%91%22background_color%22%93}&#187;]<\/p>\n<p><strong>\u201eIm Heim wird man nur noch verwahrt.\u201c<\/strong><br \/>Falsch. Gute Einrichtungen bieten kreative und therapeutische Angebote, f\u00f6rdern Selbstst\u00e4ndigkeit und erm\u00f6glichen pers\u00f6nliche Gestaltung im Alltag.<\/p>\n<p><strong>\u201eMan verliert alles Vertraute.\u201c<\/strong><br \/>Viele Heime erlauben, das Zimmer individuell mit M\u00f6beln, Bildern und Erinnerungsst\u00fccken einzurichten. Das hilft beim Ankommen.<\/p>\n<p><strong>\u201eHeime sind kalt und anonym.\u201c<\/strong><br \/>Die Qualit\u00e4t schwankt. Aber es gibt viele warme, lebendige Einrichtungen mit engagiertem Personal und echter Atmosph\u00e4re. Wichtig ist: besichtigen, Fragen stellen, vergleichen.<\/p>\n<p>Die Frage, ob ein Altersheim die richtige L\u00f6sung ist, l\u00e4sst sich nicht pauschal beantworten. <\/p>\n<p><strong>Wichtig ist:<\/strong> Es geht nicht darum, ob jemand \u201enoch fit genug f\u00fcr zuhause\u201c ist oder \u201ezu krank f\u00fcrs Heim\u201c. Es geht um die pers\u00f6nliche Lebensqualit\u00e4t: Wo f\u00fchlt sich der Mensch wohl? Wo kann er \u2013 trotz Einschr\u00e4nkungen \u2013 selbstbestimmt, sicher und sozial eingebunden leben?<\/p>\n<p>[\/et_pb_blurb][et_pb_text admin_label=&#187;Was kostet ein Altersheim in der Schweiz?&#187; module_class=&#187;lauftext&#187; _builder_version=&#187;4.21.0&#8243; _module_preset=&#187;default&#187; text_orientation=&#187;justified&#187; text_orientation_tablet=&#187;left&#187; text_orientation_phone=&#187;left&#187; text_orientation_last_edited=&#187;on|desktop&#187; global_colors_info=&#187;{}&#187;]<\/p>\n<h2>Was kostet ein Altersheim in der Schweiz?<\/h2>\n<p>Die durchschnittlichen monatlichen Gesamtkosten liegen bei CHF 10&#8217;216.\u2013 (Quelle: Curaviva 2021). Davon tragen die Bewohner:innen in der Regel rund zwei Drittel selbst. Die Aufschl\u00fcsselung:<\/p>\n<p>[\/et_pb_text][\/et_pb_column][\/et_pb_row][et_pb_row column_structure=&#187;3_5,2_5&#8243; _builder_version=&#187;4.21.0&#8243; _module_preset=&#187;default&#187; global_colors_info=&#187;{}&#187;][et_pb_column type=&#187;3_5&#8243; _builder_version=&#187;4.21.0&#8243; _module_preset=&#187;default&#187; global_colors_info=&#187;{}&#187;][et_pb_text admin_label=&#187;Was kostet ein Altersheim in der Schweiz? 2&#8243; module_class=&#187;lauftext&#187; _builder_version=&#187;4.21.0&#8243; _module_preset=&#187;default&#187; text_orientation=&#187;justified&#187; text_orientation_tablet=&#187;left&#187; text_orientation_phone=&#187;left&#187; text_orientation_last_edited=&#187;on|desktop&#187; global_colors_info=&#187;{}&#187;]<\/p>\n<p>\u2022 Pension: CHF 4124.\u2013<br \/>\u2022 Pflege (gem. KVG): CHF 4401.\u2013<br \/>\u2022 Betreuung: CHF 1529.\u2013<br \/>\u2022 \u00dcbrige Kosten: CHF 162.\u2013<\/p>\n<p><strong>Wichtig:<\/strong> Auch die Betreuung zu Hause ist nicht zwingend g\u00fcnstiger \u2013 im Gegenteil: Vor allem bei Paaren ist der Kostenunterschied oft sogar h\u00f6her. Eine fundierte Finanzberatung hilft, die passende L\u00f6sung f\u00fcr die individuelle Situation zu finden.<\/p>\n<p>[\/et_pb_text][\/et_pb_column][et_pb_column type=&#187;2_5&#8243; _builder_version=&#187;4.21.0&#8243; _module_preset=&#187;default&#187; global_colors_info=&#187;{}&#187;][et_pb_blurb image=&#187;https:\/\/www.adullam.ch\/magazin\/wp-content\/uploads\/2025\/09\/Umzug1.png&#187; alt=&#187;2 \u00e4ltere Menschen werfen Geld in ein Sparschwein&#187; module_class=&#187;bild-unterschrift&#187; _builder_version=&#187;4.21.0&#8243; _module_preset=&#187;default&#187; body_font_size=&#187;16px&#187; body_line_height=&#187;1.4em&#187; global_colors_info=&#187;{}&#187;][\/et_pb_blurb][\/et_pb_column][\/et_pb_row][et_pb_row _builder_version=&#187;4.21.0&#8243; _module_preset=&#187;default&#187; global_colors_info=&#187;{}&#187;][et_pb_column type=&#187;4_4&#8243; _builder_version=&#187;4.21.0&#8243; _module_preset=&#187;default&#187; global_colors_info=&#187;{}&#187;][et_pb_text admin_label=&#187;Checkliste f\u00fcr den Umzug ins Altersheim&#187; module_class=&#187;lauftext&#187; _builder_version=&#187;4.21.0&#8243; _module_preset=&#187;default&#187; text_orientation=&#187;justified&#187; text_orientation_tablet=&#187;left&#187; text_orientation_phone=&#187;left&#187; text_orientation_last_edited=&#187;on|desktop&#187; global_colors_info=&#187;{}&#187;]<\/p>\n<h2>Checkliste f\u00fcr den Umzug ins Altersheim<\/h2>\n<p>[\/et_pb_text][et_pb_accordion closed_toggle_text_color=&#187;#12876F&#187; admin_label=&#187;Checkliste f\u00fcr den Umzug ins Altersheim &#8211; Accordion&#187; module_class=&#187;pa-accordion&#187; _builder_version=&#187;4.21.0&#8243; _module_preset=&#187;default&#187; toggle_font_size=&#187;22px&#187; closed_toggle_font_size=&#187;22px&#187; global_colors_info=&#187;{}&#187;][et_pb_accordion_item title=&#187;1. Vorbereitung &#038; Planung&#187; open=&#187;on&#187; _builder_version=&#187;4.21.0&#8243; _module_preset=&#187;default&#187; global_colors_info=&#187;{}&#187;]<\/p>\n<p>\u2022 Pflegeheim ausw\u00e4hlen und Zimmerwunsch kl\u00e4ren<br \/>\u2022 Bedarfsabkl\u00e4rung durch die Versorgungsregion<br \/>\u2022 Pflegevertrag pr\u00fcfen und unterzeichnen<br \/>\u2022 Finanzierung mit dem Heim kl\u00e4ren<br \/>\u2022 Hausarzt und Therapeuten \u00fcber Umzug informieren<br \/>\u2022 Informationen zu Medikamenten und Gesundheitszustand f\u00fcr das Heim aufbereiten<br \/>\u2022 Wichtige Dokumente kopieren (z. B. Personalausweis, Patientenverf\u00fcgung, Impfpass, Testament etc.)<br \/>\u2022 Pflegehilfsmittelliste erstellen (Rollator, Brille, H\u00f6rger\u00e4t etc.)<\/p>\n<p>[\/et_pb_accordion_item][et_pb_accordion_item title=&#187;2. Wohnung k\u00fcndigen &#038; aufl\u00f6sen&#187; _builder_version=&#187;4.21.0&#8243; _module_preset=&#187;default&#187; global_colors_info=&#187;{}&#187; open=&#187;off&#187;]<\/p>\n<p>\u2022 Mietvertrag fristgerecht k\u00fcndigen (i. d. R. 3 Monate K\u00fcndigungsfrist)\u00a0<br \/>\u2022 Renovierungspflicht pr\u00fcfen<br \/>\u2022 Strom, Wasser, Gas, Internet, Kabelanschluss, Hausnotruf k\u00fcndigen<br \/>\u2022 Versicherungen pr\u00fcfen &amp; ggf. k\u00fcndigen (z. B. Hausratversicherung)<br \/>\u2022 Dauerauftr\u00e4ge beenden<br \/>\u2022 Wohnung, Keller und Dachboden entr\u00fcmpeln<br \/>\u2022 M\u00f6bel und Gegenst\u00e4nde, die nicht mitkommen, verkaufen, verschenken oder einlagern<br \/>\u2022 Haustierregelung kl\u00e4ren (ob Mitnahme ins Heim m\u00f6glich ist)<br \/>\u2022 Abmeldung ambulanter Pflegedienst (ist jederzeit ohne Frist m\u00f6glich)<\/p>\n<p>[\/et_pb_accordion_item][et_pb_accordion_item title=&#187;3. Adress\u00e4nderung &#038; Beh\u00f6rden&#187; _builder_version=&#187;4.21.0&#8243; _module_preset=&#187;default&#187; global_colors_info=&#187;{}&#187; open=&#187;off&#187;]<\/p>\n<p>\u2022 Ummeldung bei der Gemeinde \/ Einwohnerkontrolle\u00a0<br \/>\u2022 Post: Nachsendeauftrag einrichten<br \/>\u2022 Mitteilung an: Krankenkasse, Pflegekasse, AHV\/IV-Stelle, Versicherungen, Banken, Steuerbeh\u00f6rde, Freunde, Familie, Abos, Mitgliedschaften<br \/>\u2022 Rundfunkbeitrag k\u00fcndigen (Heimbewohner sind befreit)<\/p>\n<p>[\/et_pb_accordion_item][et_pb_accordion_item title=&#187;4. Packliste: Was mit ins Heim kommt&#187; _builder_version=&#187;4.21.0&#8243; _module_preset=&#187;default&#187; global_colors_info=&#187;{}&#187; open=&#187;off&#187;]<\/p>\n<p>\u2022 Bequeme Kleidung, Schuhe, Hausschuhe\u00a0<br \/>\u2022 Hygieneartikel, Handt\u00fccher, Waschlappen<br \/>\u2022 Brille, Zahnprothese, Hilfsmittel<br \/>\u2022 Lieblingsst\u00fccke: Fotos, Bilder, Kalender, kleine Erinnerungsst\u00fccke<br \/>\u2022 M\u00f6belst\u00fccke nach R\u00fccksprache mit Heim<br \/>\u2022 Namenskennzeichnung an Kleidung (falls erforderlich)<\/p>\n<p>[\/et_pb_accordion_item][et_pb_accordion_item title=&#187;5. Nach dem Einzug&#187; _builder_version=&#187;4.21.0&#8243; _module_preset=&#187;default&#187; global_colors_info=&#187;{}&#187; open=&#187;off&#187;]<\/p>\n<p>\u2022 Dokumente sicher hinterlegen (bei Angeh\u00f6rigen oder verschlossen im Zimmer)\u00a0<br \/>\u2022 Wichtige Ansprechpartner im Heim kennenlernen<br \/>\u2022 Kontakt zu Mitbewohner:innen suchen<br \/>\u2022 Angebote und Aktivit\u00e4ten nutzen<br \/>\u2022 Regelm\u00e4ssiger Kontakt zu Angeh\u00f6rigen pflegen<\/p>\n<p>[\/et_pb_accordion_item][\/et_pb_accordion][\/et_pb_column][\/et_pb_row][et_pb_row _builder_version=&#187;4.21.0&#8243; _module_preset=&#187;default&#187; global_colors_info=&#187;{}&#187;][et_pb_column type=&#187;4_4&#8243; _builder_version=&#187;4.21.0&#8243; _module_preset=&#187;default&#187; global_colors_info=&#187;{}&#187;][et_pb_text admin_label=&#187;Pflegeheime fr\u00fchzeitig besichtigen und vergleichen&#187; module_class=&#187;lauftext&#187; _builder_version=&#187;4.21.0&#8243; _module_preset=&#187;default&#187; text_orientation=&#187;justified&#187; text_orientation_tablet=&#187;left&#187; text_orientation_phone=&#187;left&#187; text_orientation_last_edited=&#187;on|desktop&#187; global_colors_info=&#187;{}&#187;]<\/p>\n<h2>Pflegeheime fr\u00fchzeitig besichtigen und vergleichen<\/h2>\n<p>Am besten informiert man sich nicht erst im Ernstfall. Wer verschiedene Heime besichtigt, mit dem Personal spricht und auf Atmosph\u00e4re, Angebote und Kosten achtet, kann eine durchdachte Wahl treffen. Dabei helfen auch Beratungsstellen wie Pro Senectute Schweiz oder regionale Pflegefachstellen. Je nach Kanton kann ein Eintritt nur via Bedarfsabkl\u00e4rung der Versorgungsregion erfolgen.<br \/>\n[\/et_pb_text][\/et_pb_column][\/et_pb_row][et_pb_row column_structure=&#187;1_2,1_2&#8243; _builder_version=&#187;4.21.0&#8243; _module_preset=&#187;default&#187; global_colors_info=&#187;{}&#187;][et_pb_column type=&#187;1_2&#8243; _builder_version=&#187;4.21.0&#8243; _module_preset=&#187;default&#187; global_colors_info=&#187;{}&#187;][et_pb_blurb title=&#187;Auch interessant&#187; use_icon=&#187;on&#187; font_icon=&#187;&#xf0c1;||fa||900&#8243; image_icon_width=&#187;50px&#187; icon_alignment=&#187;left&#187; content_max_width=&#187;1100px&#187; admin_label=&#187;Auch interessant&#187; module_class=&#187;linksbox&#187; _builder_version=&#187;4.21.0&#8243; _module_preset=&#187;default&#187; header_level=&#187;h2&#8243; header_font=&#187;||||||||&#187; body_font=&#187;Gupter||||||||&#187; body_font_size=&#187;24px&#187; background_color=&#187;gcid-6c3495d3-ec07-4663-b383-3af846586beb&#187; custom_padding=&#187;15px|15px|15px|15px|true|true&#187; global_colors_info=&#187;{%22gcid-6c3495d3-ec07-4663-b383-3af846586beb%22:%91%22background_color%22%93}&#187;]<\/p>\n<blockquote class=\"wp-embedded-content\" data-secret=\"yMMnUW7Vat\"><p><a href=\"https:\/\/www.adullam.ch\/magazin\/altersgerecht-einrichten-und-umbauen-fuer-mehr-sicherheit-und-selbststaendigkeit-im-eigenen-zuhause\/\">Altersgerecht einrichten und umbauen \u2013 f\u00fcr mehr Sicherheit und Selbstst\u00e4ndigkeit im eigenen Zuhause<\/a><\/p><\/blockquote>\n<p><iframe loading=\"lazy\" class=\"wp-embedded-content\" sandbox=\"allow-scripts\" security=\"restricted\" style=\"position: absolute; visibility: hidden;\" title=\"&#171;Altersgerecht einrichten und umbauen \u2013 f\u00fcr mehr Sicherheit und Selbstst\u00e4ndigkeit im eigenen Zuhause&#187; &#8212; silberFuchs\" src=\"https:\/\/www.adullam.ch\/magazin\/altersgerecht-einrichten-und-umbauen-fuer-mehr-sicherheit-und-selbststaendigkeit-im-eigenen-zuhause\/embed\/#?secret=yzsp3iqM3k#?secret=yMMnUW7Vat\" data-secret=\"yMMnUW7Vat\" width=\"600\" height=\"338\" frameborder=\"0\" marginwidth=\"0\" marginheight=\"0\" scrolling=\"no\"><\/iframe><\/p>\n<p>[\/et_pb_blurb][\/et_pb_column][et_pb_column type=&#187;1_2&#8243; _builder_version=&#187;4.21.0&#8243; _module_preset=&#187;default&#187; global_colors_info=&#187;{}&#187;][et_pb_blurb title=&#187;Auch interessant&#187; use_icon=&#187;on&#187; font_icon=&#187;&#xf0c1;||fa||900&#8243; image_icon_width=&#187;50px&#187; icon_alignment=&#187;left&#187; content_max_width=&#187;1100px&#187; admin_label=&#187;Auch interessant&#187; module_class=&#187;linksbox&#187; _builder_version=&#187;4.21.0&#8243; _module_preset=&#187;default&#187; header_level=&#187;h2&#8243; header_font=&#187;||||||||&#187; body_font=&#187;Gupter||||||||&#187; body_font_size=&#187;24px&#187; background_color=&#187;gcid-6c3495d3-ec07-4663-b383-3af846586beb&#187; custom_padding=&#187;15px|15px|15px|15px|true|true&#187; global_colors_info=&#187;{%22gcid-6c3495d3-ec07-4663-b383-3af846586beb%22:%91%22background_color%22%93}&#187;]<\/p>\n<blockquote class=\"wp-embedded-content\" data-secret=\"ZTs4Q5bT9P\"><p><a href=\"https:\/\/www.adullam.ch\/magazin\/altes-loslassen-wenn-das-leben-neue-wege-fordert\/\">Altes Loslassen: Wenn das Leben neue Wege fordert<\/a><\/p><\/blockquote>\n<p><iframe loading=\"lazy\" class=\"wp-embedded-content\" sandbox=\"allow-scripts\" security=\"restricted\" style=\"position: absolute; visibility: hidden;\" title=\"&#171;Altes Loslassen: Wenn das Leben neue Wege fordert&#187; &#8212; silberFuchs\" src=\"https:\/\/www.adullam.ch\/magazin\/altes-loslassen-wenn-das-leben-neue-wege-fordert\/embed\/#?secret=Rpxvz5eLgx#?secret=ZTs4Q5bT9P\" data-secret=\"ZTs4Q5bT9P\" width=\"600\" height=\"338\" frameborder=\"0\" marginwidth=\"0\" marginheight=\"0\" scrolling=\"no\"><\/iframe><\/p>\n<p>[\/et_pb_blurb][\/et_pb_column][\/et_pb_row][et_pb_row _builder_version=&#187;4.21.0&#8243; _module_preset=&#187;default&#187; global_colors_info=&#187;{}&#187;][et_pb_column type=&#187;4_4&#8243; _builder_version=&#187;4.21.0&#8243; _module_preset=&#187;default&#187; global_colors_info=&#187;{}&#187;][et_pb_text admin_label=&#187;SR&#187; module_class=&#187;lauftext&#187; _builder_version=&#187;4.21.0&#8243; _module_preset=&#187;default&#187; text_orientation=&#187;justified&#187; global_colors_info=&#187;{}&#187;]<\/p>\n<h2><a href=\"https:\/\/www.adullam.ch\/magazin\/redaktion\/\" target=\"_blank\" rel=\"noopener\">(SR)<\/a><\/h2>\n<p>&nbsp;<br \/>\n[\/et_pb_text][\/et_pb_column][\/et_pb_row][\/et_pb_section]<\/p>\n","protected":false},"excerpt":{"rendered":"<p>Die Entscheidung f\u00fcr ein Alters- oder Pflegeheim ist oft emotional \u2013 und mit vielen Vorurteilen behaftet. Doch moderne Heime bieten mehr als nur Pflege: Sie schaffen Sicherheit, Gemeinschaft und neue Lebensqualit\u00e4t. In diesem Artikel zeigen wir, was wirklich hinter den Klischees steckt und \u00fcber welche Vor- und Nachteile Sie sich Gedanken machen sollten.<\/p>\n","protected":false},"author":13,"featured_media":10644,"comment_status":"open","ping_status":"open","sticky":false,"template":"","format":"standard","meta":{"_et_pb_use_builder":"on","_et_pb_old_content":"","_et_gb_content_width":"","footnotes":""},"categories":[13,42],"tags":[],"class_list":["post-10598","post","type-post","status-publish","format-standard","has-post-thumbnail","hentry","category-einfacherklaert","category-special-lebenswert-liebenswert"],"acf":[],"yoast_head":"<!-- This site is optimized with the Yoast SEO plugin v27.5 - https:\/\/yoast.com\/product\/yoast-seo-wordpress\/ -->\n<title>Umzug ins Altersheim: Zwischen Vorurteilen und echter Lebensqualit\u00e4t | silberFuchs<\/title>\n<meta name=\"description\" content=\"Die Entscheidung f\u00fcr ein Altersheim ist oft emotional. Wir zeigen Ihnen welche Vor- und Nachteile Sie sich Gedanken machen sollten.\" \/>\n<meta name=\"robots\" content=\"index, follow, max-snippet:-1, max-image-preview:large, max-video-preview:-1\" \/>\n<link rel=\"canonical\" href=\"https:\/\/www.adullam.ch\/magazin\/umzug-ins-altersheim-zwischen-vorurteilen-und-echter-lebensqualitaet\/\" \/>\n<meta property=\"og:locale\" content=\"de_DE\" \/>\n<meta property=\"og:type\" content=\"article\" \/>\n<meta property=\"og:title\" content=\"Umzug ins Altersheim: Zwischen Vorurteilen und echter Lebensqualit\u00e4t | silberFuchs\" \/>\n<meta property=\"og:description\" content=\"Die Entscheidung f\u00fcr ein Altersheim ist oft emotional. Wir zeigen Ihnen welche Vor- und Nachteile Sie sich Gedanken machen sollten.\" \/>\n<meta property=\"og:url\" content=\"https:\/\/www.adullam.ch\/magazin\/umzug-ins-altersheim-zwischen-vorurteilen-und-echter-lebensqualitaet\/\" \/>\n<meta property=\"og:site_name\" content=\"silberFuchs\" \/>\n<meta property=\"article:published_time\" content=\"2025-09-12T15:14:25+00:00\" \/>\n<meta property=\"article:modified_time\" content=\"2025-10-20T12:36:17+00:00\" \/>\n<meta property=\"og:image\" content=\"https:\/\/www.adullam.ch\/magazin\/wp-content\/uploads\/2025\/09\/Umzug.png\" \/>\n\t<meta property=\"og:image:width\" content=\"800\" \/>\n\t<meta property=\"og:image:height\" content=\"450\" \/>\n\t<meta property=\"og:image:type\" content=\"image\/png\" \/>\n<meta name=\"author\" content=\"Ismael Rohwedder\" \/>\n<meta name=\"twitter:card\" content=\"summary_large_image\" \/>\n<meta name=\"twitter:label1\" content=\"Geschrieben von\" \/>\n\t<meta name=\"twitter:data1\" content=\"Ismael Rohwedder\" \/>\n\t<meta name=\"twitter:label2\" content=\"Gesch\u00e4tzte Lesezeit\" \/>\n\t<meta name=\"twitter:data2\" content=\"12\u00a0Minuten\" \/>\n<script type=\"application\/ld+json\" class=\"yoast-schema-graph\">{\"@context\":\"https:\\\/\\\/schema.org\",\"@graph\":[{\"@type\":\"Article\",\"@id\":\"https:\\\/\\\/www.adullam.ch\\\/magazin\\\/umzug-ins-altersheim-zwischen-vorurteilen-und-echter-lebensqualitaet\\\/#article\",\"isPartOf\":{\"@id\":\"https:\\\/\\\/www.adullam.ch\\\/magazin\\\/umzug-ins-altersheim-zwischen-vorurteilen-und-echter-lebensqualitaet\\\/\"},\"author\":{\"name\":\"Ismael Rohwedder\",\"@id\":\"https:\\\/\\\/www.adullam.ch\\\/magazin\\\/#\\\/schema\\\/person\\\/563acf8f6ab320d80ee77c5e962ff5c5\"},\"headline\":\"Umzug ins Altersheim: Zwischen Vorurteilen und echter Lebensqualit\u00e4t\",\"datePublished\":\"2025-09-12T15:14:25+00:00\",\"dateModified\":\"2025-10-20T12:36:17+00:00\",\"mainEntityOfPage\":{\"@id\":\"https:\\\/\\\/www.adullam.ch\\\/magazin\\\/umzug-ins-altersheim-zwischen-vorurteilen-und-echter-lebensqualitaet\\\/\"},\"wordCount\":2322,\"commentCount\":0,\"publisher\":{\"@id\":\"https:\\\/\\\/www.adullam.ch\\\/magazin\\\/#organization\"},\"image\":{\"@id\":\"https:\\\/\\\/www.adullam.ch\\\/magazin\\\/umzug-ins-altersheim-zwischen-vorurteilen-und-echter-lebensqualitaet\\\/#primaryimage\"},\"thumbnailUrl\":\"https:\\\/\\\/www.adullam.ch\\\/magazin\\\/wp-content\\\/uploads\\\/2025\\\/09\\\/Umzug.png\",\"articleSection\":[\"Medizin &amp; Gesundheit\",\"Special: Lebenswert \u2013 Liebenswert\"],\"inLanguage\":\"de-CH\",\"potentialAction\":[{\"@type\":\"CommentAction\",\"name\":\"Comment\",\"target\":[\"https:\\\/\\\/www.adullam.ch\\\/magazin\\\/umzug-ins-altersheim-zwischen-vorurteilen-und-echter-lebensqualitaet\\\/#respond\"]}]},{\"@type\":\"WebPage\",\"@id\":\"https:\\\/\\\/www.adullam.ch\\\/magazin\\\/umzug-ins-altersheim-zwischen-vorurteilen-und-echter-lebensqualitaet\\\/\",\"url\":\"https:\\\/\\\/www.adullam.ch\\\/magazin\\\/umzug-ins-altersheim-zwischen-vorurteilen-und-echter-lebensqualitaet\\\/\",\"name\":\"Umzug ins Altersheim: Zwischen Vorurteilen und echter Lebensqualit\u00e4t | silberFuchs\",\"isPartOf\":{\"@id\":\"https:\\\/\\\/www.adullam.ch\\\/magazin\\\/#website\"},\"primaryImageOfPage\":{\"@id\":\"https:\\\/\\\/www.adullam.ch\\\/magazin\\\/umzug-ins-altersheim-zwischen-vorurteilen-und-echter-lebensqualitaet\\\/#primaryimage\"},\"image\":{\"@id\":\"https:\\\/\\\/www.adullam.ch\\\/magazin\\\/umzug-ins-altersheim-zwischen-vorurteilen-und-echter-lebensqualitaet\\\/#primaryimage\"},\"thumbnailUrl\":\"https:\\\/\\\/www.adullam.ch\\\/magazin\\\/wp-content\\\/uploads\\\/2025\\\/09\\\/Umzug.png\",\"datePublished\":\"2025-09-12T15:14:25+00:00\",\"dateModified\":\"2025-10-20T12:36:17+00:00\",\"description\":\"Die Entscheidung f\u00fcr ein Altersheim ist oft emotional. Wir zeigen Ihnen welche Vor- und Nachteile Sie sich Gedanken machen sollten.\",\"breadcrumb\":{\"@id\":\"https:\\\/\\\/www.adullam.ch\\\/magazin\\\/umzug-ins-altersheim-zwischen-vorurteilen-und-echter-lebensqualitaet\\\/#breadcrumb\"},\"inLanguage\":\"de-CH\",\"potentialAction\":[{\"@type\":\"ReadAction\",\"target\":[\"https:\\\/\\\/www.adullam.ch\\\/magazin\\\/umzug-ins-altersheim-zwischen-vorurteilen-und-echter-lebensqualitaet\\\/\"]}]},{\"@type\":\"ImageObject\",\"inLanguage\":\"de-CH\",\"@id\":\"https:\\\/\\\/www.adullam.ch\\\/magazin\\\/umzug-ins-altersheim-zwischen-vorurteilen-und-echter-lebensqualitaet\\\/#primaryimage\",\"url\":\"https:\\\/\\\/www.adullam.ch\\\/magazin\\\/wp-content\\\/uploads\\\/2025\\\/09\\\/Umzug.png\",\"contentUrl\":\"https:\\\/\\\/www.adullam.ch\\\/magazin\\\/wp-content\\\/uploads\\\/2025\\\/09\\\/Umzug.png\",\"width\":800,\"height\":450,\"caption\":\"2 \u00e4ltere Personen beim Umzug.\"},{\"@type\":\"BreadcrumbList\",\"@id\":\"https:\\\/\\\/www.adullam.ch\\\/magazin\\\/umzug-ins-altersheim-zwischen-vorurteilen-und-echter-lebensqualitaet\\\/#breadcrumb\",\"itemListElement\":[{\"@type\":\"ListItem\",\"position\":1,\"name\":\"Startseite\",\"item\":\"https:\\\/\\\/www.adullam.ch\\\/magazin\\\/\"},{\"@type\":\"ListItem\",\"position\":2,\"name\":\"Umzug ins Altersheim: Zwischen Vorurteilen und echter Lebensqualit\u00e4t\"}]},{\"@type\":\"WebSite\",\"@id\":\"https:\\\/\\\/www.adullam.ch\\\/magazin\\\/#website\",\"url\":\"https:\\\/\\\/www.adullam.ch\\\/magazin\\\/\",\"name\":\"silberFuchs\",\"description\":\"Das Online-Magazin der Adullam Spit\u00e4ler und Pflegezentren\",\"publisher\":{\"@id\":\"https:\\\/\\\/www.adullam.ch\\\/magazin\\\/#organization\"},\"potentialAction\":[{\"@type\":\"SearchAction\",\"target\":{\"@type\":\"EntryPoint\",\"urlTemplate\":\"https:\\\/\\\/www.adullam.ch\\\/magazin\\\/?s={search_term_string}\"},\"query-input\":{\"@type\":\"PropertyValueSpecification\",\"valueRequired\":true,\"valueName\":\"search_term_string\"}}],\"inLanguage\":\"de-CH\"},{\"@type\":\"Organization\",\"@id\":\"https:\\\/\\\/www.adullam.ch\\\/magazin\\\/#organization\",\"name\":\"silverFuchs\",\"alternateName\":\"Magazin von Adullam\",\"url\":\"https:\\\/\\\/www.adullam.ch\\\/magazin\\\/\",\"logo\":{\"@type\":\"ImageObject\",\"inLanguage\":\"de-CH\",\"@id\":\"https:\\\/\\\/www.adullam.ch\\\/magazin\\\/#\\\/schema\\\/logo\\\/image\\\/\",\"url\":\"https:\\\/\\\/www.adullam.ch\\\/magazin\\\/wp-content\\\/uploads\\\/2023\\\/08\\\/cropped-silberFuchs_Favicon.png\",\"contentUrl\":\"https:\\\/\\\/www.adullam.ch\\\/magazin\\\/wp-content\\\/uploads\\\/2023\\\/08\\\/cropped-silberFuchs_Favicon.png\",\"width\":512,\"height\":512,\"caption\":\"silverFuchs\"},\"image\":{\"@id\":\"https:\\\/\\\/www.adullam.ch\\\/magazin\\\/#\\\/schema\\\/logo\\\/image\\\/\"}},{\"@type\":\"Person\",\"@id\":\"https:\\\/\\\/www.adullam.ch\\\/magazin\\\/#\\\/schema\\\/person\\\/563acf8f6ab320d80ee77c5e962ff5c5\",\"name\":\"Ismael Rohwedder\"}]}<\/script>\n<!-- \/ Yoast SEO plugin. -->","yoast_head_json":{"title":"Umzug ins Altersheim: Zwischen Vorurteilen und echter Lebensqualit\u00e4t | silberFuchs","description":"Die Entscheidung f\u00fcr ein Altersheim ist oft emotional. Wir zeigen Ihnen welche Vor- und Nachteile Sie sich Gedanken machen sollten.","robots":{"index":"index","follow":"follow","max-snippet":"max-snippet:-1","max-image-preview":"max-image-preview:large","max-video-preview":"max-video-preview:-1"},"canonical":"https:\/\/www.adullam.ch\/magazin\/umzug-ins-altersheim-zwischen-vorurteilen-und-echter-lebensqualitaet\/","og_locale":"de_DE","og_type":"article","og_title":"Umzug ins Altersheim: Zwischen Vorurteilen und echter Lebensqualit\u00e4t | silberFuchs","og_description":"Die Entscheidung f\u00fcr ein Altersheim ist oft emotional. Wir zeigen Ihnen welche Vor- und Nachteile Sie sich Gedanken machen sollten.","og_url":"https:\/\/www.adullam.ch\/magazin\/umzug-ins-altersheim-zwischen-vorurteilen-und-echter-lebensqualitaet\/","og_site_name":"silberFuchs","article_published_time":"2025-09-12T15:14:25+00:00","article_modified_time":"2025-10-20T12:36:17+00:00","og_image":[{"width":800,"height":450,"url":"https:\/\/www.adullam.ch\/magazin\/wp-content\/uploads\/2025\/09\/Umzug.png","type":"image\/png"}],"author":"Ismael Rohwedder","twitter_card":"summary_large_image","twitter_misc":{"Geschrieben von":"Ismael Rohwedder","Gesch\u00e4tzte Lesezeit":"12\u00a0Minuten"},"schema":{"@context":"https:\/\/schema.org","@graph":[{"@type":"Article","@id":"https:\/\/www.adullam.ch\/magazin\/umzug-ins-altersheim-zwischen-vorurteilen-und-echter-lebensqualitaet\/#article","isPartOf":{"@id":"https:\/\/www.adullam.ch\/magazin\/umzug-ins-altersheim-zwischen-vorurteilen-und-echter-lebensqualitaet\/"},"author":{"name":"Ismael Rohwedder","@id":"https:\/\/www.adullam.ch\/magazin\/#\/schema\/person\/563acf8f6ab320d80ee77c5e962ff5c5"},"headline":"Umzug ins Altersheim: Zwischen Vorurteilen und echter Lebensqualit\u00e4t","datePublished":"2025-09-12T15:14:25+00:00","dateModified":"2025-10-20T12:36:17+00:00","mainEntityOfPage":{"@id":"https:\/\/www.adullam.ch\/magazin\/umzug-ins-altersheim-zwischen-vorurteilen-und-echter-lebensqualitaet\/"},"wordCount":2322,"commentCount":0,"publisher":{"@id":"https:\/\/www.adullam.ch\/magazin\/#organization"},"image":{"@id":"https:\/\/www.adullam.ch\/magazin\/umzug-ins-altersheim-zwischen-vorurteilen-und-echter-lebensqualitaet\/#primaryimage"},"thumbnailUrl":"https:\/\/www.adullam.ch\/magazin\/wp-content\/uploads\/2025\/09\/Umzug.png","articleSection":["Medizin &amp; Gesundheit","Special: Lebenswert \u2013 Liebenswert"],"inLanguage":"de-CH","potentialAction":[{"@type":"CommentAction","name":"Comment","target":["https:\/\/www.adullam.ch\/magazin\/umzug-ins-altersheim-zwischen-vorurteilen-und-echter-lebensqualitaet\/#respond"]}]},{"@type":"WebPage","@id":"https:\/\/www.adullam.ch\/magazin\/umzug-ins-altersheim-zwischen-vorurteilen-und-echter-lebensqualitaet\/","url":"https:\/\/www.adullam.ch\/magazin\/umzug-ins-altersheim-zwischen-vorurteilen-und-echter-lebensqualitaet\/","name":"Umzug ins Altersheim: Zwischen Vorurteilen und echter Lebensqualit\u00e4t | silberFuchs","isPartOf":{"@id":"https:\/\/www.adullam.ch\/magazin\/#website"},"primaryImageOfPage":{"@id":"https:\/\/www.adullam.ch\/magazin\/umzug-ins-altersheim-zwischen-vorurteilen-und-echter-lebensqualitaet\/#primaryimage"},"image":{"@id":"https:\/\/www.adullam.ch\/magazin\/umzug-ins-altersheim-zwischen-vorurteilen-und-echter-lebensqualitaet\/#primaryimage"},"thumbnailUrl":"https:\/\/www.adullam.ch\/magazin\/wp-content\/uploads\/2025\/09\/Umzug.png","datePublished":"2025-09-12T15:14:25+00:00","dateModified":"2025-10-20T12:36:17+00:00","description":"Die Entscheidung f\u00fcr ein Altersheim ist oft emotional. Wir zeigen Ihnen welche Vor- und Nachteile Sie sich Gedanken machen sollten.","breadcrumb":{"@id":"https:\/\/www.adullam.ch\/magazin\/umzug-ins-altersheim-zwischen-vorurteilen-und-echter-lebensqualitaet\/#breadcrumb"},"inLanguage":"de-CH","potentialAction":[{"@type":"ReadAction","target":["https:\/\/www.adullam.ch\/magazin\/umzug-ins-altersheim-zwischen-vorurteilen-und-echter-lebensqualitaet\/"]}]},{"@type":"ImageObject","inLanguage":"de-CH","@id":"https:\/\/www.adullam.ch\/magazin\/umzug-ins-altersheim-zwischen-vorurteilen-und-echter-lebensqualitaet\/#primaryimage","url":"https:\/\/www.adullam.ch\/magazin\/wp-content\/uploads\/2025\/09\/Umzug.png","contentUrl":"https:\/\/www.adullam.ch\/magazin\/wp-content\/uploads\/2025\/09\/Umzug.png","width":800,"height":450,"caption":"2 \u00e4ltere Personen beim Umzug."},{"@type":"BreadcrumbList","@id":"https:\/\/www.adullam.ch\/magazin\/umzug-ins-altersheim-zwischen-vorurteilen-und-echter-lebensqualitaet\/#breadcrumb","itemListElement":[{"@type":"ListItem","position":1,"name":"Startseite","item":"https:\/\/www.adullam.ch\/magazin\/"},{"@type":"ListItem","position":2,"name":"Umzug ins Altersheim: Zwischen Vorurteilen und echter Lebensqualit\u00e4t"}]},{"@type":"WebSite","@id":"https:\/\/www.adullam.ch\/magazin\/#website","url":"https:\/\/www.adullam.ch\/magazin\/","name":"silberFuchs","description":"Das Online-Magazin der Adullam Spit\u00e4ler und Pflegezentren","publisher":{"@id":"https:\/\/www.adullam.ch\/magazin\/#organization"},"potentialAction":[{"@type":"SearchAction","target":{"@type":"EntryPoint","urlTemplate":"https:\/\/www.adullam.ch\/magazin\/?s={search_term_string}"},"query-input":{"@type":"PropertyValueSpecification","valueRequired":true,"valueName":"search_term_string"}}],"inLanguage":"de-CH"},{"@type":"Organization","@id":"https:\/\/www.adullam.ch\/magazin\/#organization","name":"silverFuchs","alternateName":"Magazin von Adullam","url":"https:\/\/www.adullam.ch\/magazin\/","logo":{"@type":"ImageObject","inLanguage":"de-CH","@id":"https:\/\/www.adullam.ch\/magazin\/#\/schema\/logo\/image\/","url":"https:\/\/www.adullam.ch\/magazin\/wp-content\/uploads\/2023\/08\/cropped-silberFuchs_Favicon.png","contentUrl":"https:\/\/www.adullam.ch\/magazin\/wp-content\/uploads\/2023\/08\/cropped-silberFuchs_Favicon.png","width":512,"height":512,"caption":"silverFuchs"},"image":{"@id":"https:\/\/www.adullam.ch\/magazin\/#\/schema\/logo\/image\/"}},{"@type":"Person","@id":"https:\/\/www.adullam.ch\/magazin\/#\/schema\/person\/563acf8f6ab320d80ee77c5e962ff5c5","name":"Ismael Rohwedder"}]}},"_links":{"self":[{"href":"https:\/\/www.adullam.ch\/magazin\/wp-json\/wp\/v2\/posts\/10598","targetHints":{"allow":["GET"]}}],"collection":[{"href":"https:\/\/www.adullam.ch\/magazin\/wp-json\/wp\/v2\/posts"}],"about":[{"href":"https:\/\/www.adullam.ch\/magazin\/wp-json\/wp\/v2\/types\/post"}],"author":[{"embeddable":true,"href":"https:\/\/www.adullam.ch\/magazin\/wp-json\/wp\/v2\/users\/13"}],"replies":[{"embeddable":true,"href":"https:\/\/www.adullam.ch\/magazin\/wp-json\/wp\/v2\/comments?post=10598"}],"version-history":[{"count":66,"href":"https:\/\/www.adullam.ch\/magazin\/wp-json\/wp\/v2\/posts\/10598\/revisions"}],"predecessor-version":[{"id":11809,"href":"https:\/\/www.adullam.ch\/magazin\/wp-json\/wp\/v2\/posts\/10598\/revisions\/11809"}],"wp:featuredmedia":[{"embeddable":true,"href":"https:\/\/www.adullam.ch\/magazin\/wp-json\/wp\/v2\/media\/10644"}],"wp:attachment":[{"href":"https:\/\/www.adullam.ch\/magazin\/wp-json\/wp\/v2\/media?parent=10598"}],"wp:term":[{"taxonomy":"category","embeddable":true,"href":"https:\/\/www.adullam.ch\/magazin\/wp-json\/wp\/v2\/categories?post=10598"},{"taxonomy":"post_tag","embeddable":true,"href":"https:\/\/www.adullam.ch\/magazin\/wp-json\/wp\/v2\/tags?post=10598"}],"curies":[{"name":"wp","href":"https:\/\/api.w.org\/{rel}","templated":true}]}}