{"id":2601,"date":"2024-09-06T08:05:37","date_gmt":"2024-09-06T06:05:37","guid":{"rendered":"https:\/\/www.adullam.ch\/magazin\/?p=2601"},"modified":"2024-09-23T08:11:11","modified_gmt":"2024-09-23T06:11:11","slug":"musikgeragogik-die-kraft-der-musik-im-alter","status":"publish","type":"post","link":"https:\/\/www.adullam.ch\/magazin\/musikgeragogik-die-kraft-der-musik-im-alter\/","title":{"rendered":"Musikgeragogik: Die Kraft der Musik im Alter"},"content":{"rendered":"<p>[et_pb_section fb_built=&#187;1&#8243; _builder_version=&#187;4.21.0&#8243; _module_preset=&#187;default&#187; global_colors_info=&#187;{}&#187;][et_pb_row _builder_version=&#187;4.21.0&#8243; _module_preset=&#187;default&#187; global_colors_info=&#187;{}&#187;][et_pb_column type=&#187;4_4&#8243; _builder_version=&#187;4.21.0&#8243; _module_preset=&#187;default&#187; global_colors_info=&#187;{}&#187;][et_pb_text admin_label=&#187;Text&#187; module_class=&#187;lauftext textinitial&#187; _builder_version=&#187;4.21.0&#8243; _module_preset=&#187;default&#187; text_orientation_tablet=&#187;left&#187; text_orientation_phone=&#187;left&#187; text_orientation_last_edited=&#187;off|desktop&#187; global_colors_info=&#187;{}&#187;]<\/p>\n<h2>Musik ist eine universelle Sprache, die Menschen jeden Alters verbindet. Insbesondere im Alter gewinnt die Bedeutung der Musik an Wert, da sie zahlreiche physische, kognitive und emotionale Vorteile bietet. In diesem Artikel werfen wir einen Blick auf die Welt der Musikgeragogik und erfahren, wie das Musizieren im Alter das Leben der Menschen bereichern kann.<\/h2>\n<p>Die 78-j\u00e4hrige Erna M\u00fcller hat mit ihren Freundinnen eine besondere Leidenschaft entdeckt: das Musizieren auf Veeh-Harfen. Diese besondere Form des Musizierens im Alter ist nicht nur eine Freude f\u00fcr die Ohren, sondern auch eine Quelle der Inspiration und des sozialen Miteinanders.<\/p>\n<p>[\/et_pb_text][et_pb_text module_class=&#187;lauftext&#187; _builder_version=&#187;4.21.0&#8243; _module_preset=&#187;default&#187; text_orientation=&#187;justified&#187; text_orientation_tablet=&#187;left&#187; text_orientation_phone=&#187;left&#187; text_orientation_last_edited=&#187;on|desktop&#187; global_colors_info=&#187;{}&#187;]<\/p>\n<p>Im fortgeschrittenen Lebensalter erf\u00fcllen sich viele Menschen einen lang gehegten Traum: Sie lernen ein Musikinstrument oder schlie\u00dfen sich einem Chor oder einer Band an. Oftmals waren es Kindheitsw\u00fcnsche, die aufgrund verschiedener Umst\u00e4nde unerf\u00fcllt blieben.<\/p>\n<p>[\/et_pb_text][\/et_pb_column][\/et_pb_row][et_pb_row column_structure=&#187;1_2,1_2&#8243; _builder_version=&#187;4.21.0&#8243; _module_preset=&#187;default&#187; global_colors_info=&#187;{}&#187;][et_pb_column type=&#187;1_2&#8243; _builder_version=&#187;4.21.0&#8243; _module_preset=&#187;default&#187; global_colors_info=&#187;{}&#187;][et_pb_text module_class=&#187;lauftext&#187; _builder_version=&#187;4.21.0&#8243; _module_preset=&#187;default&#187; text_orientation=&#187;justified&#187; text_orientation_tablet=&#187;left&#187; text_orientation_phone=&#187;left&#187; text_orientation_last_edited=&#187;on|desktop&#187; global_colors_info=&#187;{}&#187;]<\/p>\n<h2>Musik kann Ged\u00e4chtnisverlust und Depression entgegenwirken<\/h2>\n<p>Dieses sp\u00e4te Musizieren bringt nicht nur pers\u00f6nliche Zufriedenheit, sondern es wirkt auch der Langeweile und Einsamkeit entgegen, die im Ruhestand oder nach dem Auszug der Kinder auftreten k\u00f6nnen.<\/p>\n<p>Mit genau solchen positiven Auswirkungen des Musizierens im Alter besch\u00e4ftigt sich die Musikgeragogik. Sie nutzt gezielt musikalische Aktivit\u00e4ten, um das k\u00f6rperliche, geistige und emotionale Wohlbefinden \u00e4lterer Menschen zu f\u00f6rdern. Das Ziel ist es, die Lebensqualit\u00e4t im Alter zu steigern und altersbedingten Herausforderungen wie sozialer Isolation, Ged\u00e4chtnisverlust und Depression entgegenzuwirken.<\/p>\n<p>[\/et_pb_text][\/et_pb_column][et_pb_column type=&#187;1_2&#8243; _builder_version=&#187;4.21.0&#8243; _module_preset=&#187;default&#187; global_colors_info=&#187;{}&#187;][et_pb_blurb image=&#187;https:\/\/www.adullam.ch\/magazin\/wp-content\/uploads\/2023\/10\/Musikgeragogik2.png&#187; alt=&#187;Chor mit \u00e4lteren S\u00e4ngern&#187; module_class=&#187;bild-unterschrift&#187; _builder_version=&#187;4.21.0&#8243; _module_preset=&#187;default&#187; body_font_size=&#187;16px&#187; body_line_height=&#187;1.4em&#187; global_colors_info=&#187;{}&#187;]<\/p>\n<p>Sp\u00e4tes\u00a0Musizieren bringt nicht nur pers\u00f6nliche Zufriedenheit, sondern es wirkt auch der Langeweile und Einsamkeit entgegen<\/p>\n<p>[\/et_pb_blurb][\/et_pb_column][\/et_pb_row][et_pb_row _builder_version=&#187;4.21.0&#8243; _module_preset=&#187;default&#187; global_colors_info=&#187;{}&#187;][et_pb_column type=&#187;4_4&#8243; _builder_version=&#187;4.21.0&#8243; _module_preset=&#187;default&#187; global_colors_info=&#187;{}&#187;][et_pb_blurb title=&#187;Die Vorteile des Musizierens im Alter&#187; use_icon=&#187;on&#187; font_icon=&#187;&#xf12a;||fa||900&#8243; image_icon_width=&#187;50px&#187; icon_alignment=&#187;left&#187; content_max_width=&#187;1100px&#187; module_class=&#187;tippsbox&#187; _builder_version=&#187;4.21.0&#8243; _module_preset=&#187;default&#187; header_level=&#187;h2&#8243; header_font=&#187;||||||||&#187; body_font=&#187;Gupter||||||||&#187; body_font_size=&#187;24px&#187; background_color=&#187;gcid-6c3495d3-ec07-4663-b383-3af846586beb&#187; image_icon_custom_margin=&#187;|||10px|false|false&#187; custom_padding=&#187;15px|15px|15px|15px|true|true&#187; global_colors_info=&#187;{%22gcid-6c3495d3-ec07-4663-b383-3af846586beb%22:%91%22background_color%22%93}&#187;]<\/p>\n<ul>\n<li>Erhaltung kognitiver F\u00e4higkeiten: Das Musizieren erfordert komplexe mentale Prozesse wie Konzentration, Ged\u00e4chtnis und Probleml\u00f6sung. Studien haben gezeigt, dass aktive musikalische Bet\u00e4tigung die kognitiven F\u00e4higkeiten \u00e4lterer Menschen verbessern.<\/li>\n<li>Emotionale Resilienz: Musik hat die Kraft, Emotionen zu beeinflussen. Das Musizieren kann Stress reduzieren, Angstzust\u00e4nde lindern und die Stimmung heben. F\u00fcr \u00e4ltere Menschen, die mit Verlusten oder gesundheitlichen Herausforderungen konfrontiert sind, kann Musik eine wertvolle Form der emotionalen Unterst\u00fctzung bieten.<\/li>\n<li>Soziale Interaktion: Gemeinsames Musizieren f\u00f6rdert soziale Verbindungen. Senioren, die in Ch\u00f6ren, Bands oder Orchestern musizieren, berichten oft von einem gesteigerten Gef\u00fchl der Zugeh\u00f6rigkeit und Freundschaft. Die Musik schafft eine gemeinsame Sprache, die Altersgrenzen \u00fcberwindet.<\/li>\n<li>Beweglichkeit und Koordination: Das Musizieren kann die motorischen F\u00e4higkeiten verbessern, insbesondere wenn es darum geht, ein Musikinstrument zu spielen. Diese k\u00f6rperliche Aktivit\u00e4t kann dazu beitragen, die Beweglichkeit und die Hand-Augen-Koordination zu erhalten.<\/li>\n<li>Lebensfreude und Selbstausdruck: Musik bietet \u00e4lteren Menschen die M\u00f6glichkeit, sich kreativ auszudr\u00fccken und Freude am Leben zu empfinden. Das Erlernen eines neuen Musikinstruments oder das Singen in einem Chor kann ein erf\u00fcllendes Hobby sein.<\/li>\n<\/ul>\n<p>[\/et_pb_blurb][\/et_pb_column][\/et_pb_row][et_pb_row _builder_version=&#187;4.21.0&#8243; _module_preset=&#187;default&#187; global_colors_info=&#187;{}&#187;][et_pb_column type=&#187;4_4&#8243; _builder_version=&#187;4.21.0&#8243; _module_preset=&#187;default&#187; global_colors_info=&#187;{}&#187;][et_pb_text module_class=&#187;lauftext&#187; _builder_version=&#187;4.21.0&#8243; _module_preset=&#187;default&#187; text_orientation=&#187;justified&#187; text_orientation_tablet=&#187;left&#187; text_orientation_phone=&#187;left&#187; text_orientation_last_edited=&#187;on|desktop&#187; global_colors_info=&#187;{}&#187;]<\/p>\n<h2>Wirkt dem Vergessen entgegen<\/h2>\n<p>Musik hat auch erstaunliche Auswirkungen auf Menschen mit Demenz. Selbst bei stark Demenzkranken, die kaum noch verbal kommunizieren k\u00f6nnen, kann Musik eine Br\u00fccke zur Vergangenheit schlagen und das musikbiografische Ged\u00e4chtnis, das nahe dem motorischen Zentrum des Gehirns liegt, aktivieren. Dadurch kommt es mitunter zu bewegenden Momenten, in denen Menschen, die seit Wochen nicht mehr gesprochen haben, pl\u00f6tzlich ein Lied mit all seinen Strophen singen. Musik weckt Erinnerungen und schenkt Momente der Freude, die auch bei fortgeschrittener Demenz erhalten bleiben.<\/p>\n<p>Musikgeragogik ist weit mehr als nur eine Freizeitbesch\u00e4ftigung. Sie bietet \u00e4lteren Menschen eine Vielzahl von physischen, kognitiven und emotionalen Vorteilen. Durch das Musizieren im Alter k\u00f6nnen sie ihre Lebensqualit\u00e4t steigern und den Herausforderungen des \u00c4lterwerdens mit Freude und Resilienz begegnen.<\/p>\n<p>Die Musik verbindet Generationen, erzeugt Lebensfreude und schafft wertvolle Erinnerungen. In einer Welt, die oft von Hektik gepr\u00e4gt ist, erinnert uns die Musikgeragogik daran, dass es nie zu sp\u00e4t ist, die heilende Kraft der Musik zu entdecken.<\/p>\n<p>[\/et_pb_text][\/et_pb_column][\/et_pb_row][et_pb_row _builder_version=&#187;4.21.0&#8243; _module_preset=&#187;default&#187; global_colors_info=&#187;{}&#187;][et_pb_column type=&#187;4_4&#8243; _builder_version=&#187;4.21.0&#8243; _module_preset=&#187;default&#187; global_colors_info=&#187;{}&#187;][et_pb_text module_class=&#187;lauftext&#187; _builder_version=&#187;4.21.0&#8243; _module_preset=&#187;default&#187; text_orientation=&#187;justified&#187; global_colors_info=&#187;{}&#187;]<\/p>\n<h2><a href=\"https:\/\/www.adullam.ch\/magazin\/redaktion\/\" target=\"_blank\" rel=\"noopener\">(SR)<\/a><\/h2>\n<p>&nbsp;<\/p>\n<p>[\/et_pb_text][\/et_pb_column][\/et_pb_row][\/et_pb_section]<\/p>\n","protected":false},"excerpt":{"rendered":"<p>Musik ist eine universelle Sprache, die Menschen jeden Alters verbindet. Insbesondere im Alter gewinnt die Bedeutung der Musik an Wert, da sie zahlreiche Vorteile bietet. In diesem Artikel werfen wir einen Blick auf die Welt der Musikgeragogik und erfahren, wie das Musizieren im Alter das Leben der Menschen bereichern kann.<\/p>\n","protected":false},"author":3,"featured_media":2606,"comment_status":"open","ping_status":"open","sticky":false,"template":"","format":"standard","meta":{"_et_pb_use_builder":"on","_et_pb_old_content":"","_et_gb_content_width":"","footnotes":""},"categories":[13,15],"tags":[],"class_list":["post-2601","post","type-post","status-publish","format-standard","has-post-thumbnail","hentry","category-einfacherklaert","category-startseite"],"acf":[],"yoast_head":"<!-- This site is optimized with the Yoast SEO plugin v27.5 - https:\/\/yoast.com\/product\/yoast-seo-wordpress\/ -->\n<title>Musikgeragogik: Die Kraft der Musik im Alter | silberFuchs<\/title>\n<meta name=\"description\" content=\"Entdecken Sie die heilende Kraft der Musik im Alter durch Musikgeragogik \u2013 f\u00fcr kognitive, emotionale und soziale Vorteile. \u25ba Jetzt nachlesen!\" \/>\n<meta name=\"robots\" content=\"index, follow, max-snippet:-1, max-image-preview:large, max-video-preview:-1\" \/>\n<link rel=\"canonical\" href=\"https:\/\/www.adullam.ch\/magazin\/musikgeragogik-die-kraft-der-musik-im-alter\/\" \/>\n<meta property=\"og:locale\" content=\"de_DE\" \/>\n<meta property=\"og:type\" content=\"article\" \/>\n<meta property=\"og:title\" content=\"Musikgeragogik: Die Kraft der Musik im Alter | silberFuchs\" \/>\n<meta property=\"og:description\" content=\"Entdecken Sie die heilende Kraft der Musik im Alter durch Musikgeragogik \u2013 f\u00fcr kognitive, emotionale und soziale Vorteile. \u25ba Jetzt nachlesen!\" \/>\n<meta property=\"og:url\" content=\"https:\/\/www.adullam.ch\/magazin\/musikgeragogik-die-kraft-der-musik-im-alter\/\" \/>\n<meta property=\"og:site_name\" content=\"silberFuchs\" \/>\n<meta property=\"article:published_time\" content=\"2024-09-06T06:05:37+00:00\" \/>\n<meta property=\"article:modified_time\" content=\"2024-09-23T06:11:11+00:00\" \/>\n<meta property=\"og:image\" content=\"https:\/\/www.adullam.ch\/magazin\/wp-content\/uploads\/2023\/10\/Musikgeragogik1.png\" \/>\n\t<meta property=\"og:image:width\" content=\"800\" \/>\n\t<meta property=\"og:image:height\" content=\"450\" \/>\n\t<meta property=\"og:image:type\" content=\"image\/png\" \/>\n<meta name=\"author\" content=\"Claudia Wasmer\" \/>\n<meta name=\"twitter:card\" content=\"summary_large_image\" \/>\n<meta name=\"twitter:label1\" content=\"Geschrieben von\" \/>\n\t<meta name=\"twitter:data1\" content=\"Claudia Wasmer\" \/>\n\t<meta name=\"twitter:label2\" content=\"Gesch\u00e4tzte Lesezeit\" \/>\n\t<meta name=\"twitter:data2\" content=\"4\u00a0Minuten\" \/>\n<script type=\"application\/ld+json\" class=\"yoast-schema-graph\">{\"@context\":\"https:\\\/\\\/schema.org\",\"@graph\":[{\"@type\":\"Article\",\"@id\":\"https:\\\/\\\/www.adullam.ch\\\/magazin\\\/musikgeragogik-die-kraft-der-musik-im-alter\\\/#article\",\"isPartOf\":{\"@id\":\"https:\\\/\\\/www.adullam.ch\\\/magazin\\\/musikgeragogik-die-kraft-der-musik-im-alter\\\/\"},\"author\":{\"name\":\"Claudia Wasmer\",\"@id\":\"https:\\\/\\\/www.adullam.ch\\\/magazin\\\/#\\\/schema\\\/person\\\/6ed0856fe3f6d3a2366d7469668cd0bf\"},\"headline\":\"Musikgeragogik: Die Kraft der Musik im Alter\",\"datePublished\":\"2024-09-06T06:05:37+00:00\",\"dateModified\":\"2024-09-23T06:11:11+00:00\",\"mainEntityOfPage\":{\"@id\":\"https:\\\/\\\/www.adullam.ch\\\/magazin\\\/musikgeragogik-die-kraft-der-musik-im-alter\\\/\"},\"wordCount\":1079,\"commentCount\":4,\"publisher\":{\"@id\":\"https:\\\/\\\/www.adullam.ch\\\/magazin\\\/#organization\"},\"image\":{\"@id\":\"https:\\\/\\\/www.adullam.ch\\\/magazin\\\/musikgeragogik-die-kraft-der-musik-im-alter\\\/#primaryimage\"},\"thumbnailUrl\":\"https:\\\/\\\/www.adullam.ch\\\/magazin\\\/wp-content\\\/uploads\\\/2023\\\/10\\\/Musikgeragogik1.png\",\"articleSection\":[\"Medizin &amp; Gesundheit\",\"Startseite\"],\"inLanguage\":\"de-CH\",\"potentialAction\":[{\"@type\":\"CommentAction\",\"name\":\"Comment\",\"target\":[\"https:\\\/\\\/www.adullam.ch\\\/magazin\\\/musikgeragogik-die-kraft-der-musik-im-alter\\\/#respond\"]}]},{\"@type\":\"WebPage\",\"@id\":\"https:\\\/\\\/www.adullam.ch\\\/magazin\\\/musikgeragogik-die-kraft-der-musik-im-alter\\\/\",\"url\":\"https:\\\/\\\/www.adullam.ch\\\/magazin\\\/musikgeragogik-die-kraft-der-musik-im-alter\\\/\",\"name\":\"Musikgeragogik: Die Kraft der Musik im Alter | silberFuchs\",\"isPartOf\":{\"@id\":\"https:\\\/\\\/www.adullam.ch\\\/magazin\\\/#website\"},\"primaryImageOfPage\":{\"@id\":\"https:\\\/\\\/www.adullam.ch\\\/magazin\\\/musikgeragogik-die-kraft-der-musik-im-alter\\\/#primaryimage\"},\"image\":{\"@id\":\"https:\\\/\\\/www.adullam.ch\\\/magazin\\\/musikgeragogik-die-kraft-der-musik-im-alter\\\/#primaryimage\"},\"thumbnailUrl\":\"https:\\\/\\\/www.adullam.ch\\\/magazin\\\/wp-content\\\/uploads\\\/2023\\\/10\\\/Musikgeragogik1.png\",\"datePublished\":\"2024-09-06T06:05:37+00:00\",\"dateModified\":\"2024-09-23T06:11:11+00:00\",\"description\":\"Entdecken Sie die heilende Kraft der Musik im Alter durch Musikgeragogik \u2013 f\u00fcr kognitive, emotionale und soziale Vorteile. \u25ba Jetzt nachlesen!\",\"breadcrumb\":{\"@id\":\"https:\\\/\\\/www.adullam.ch\\\/magazin\\\/musikgeragogik-die-kraft-der-musik-im-alter\\\/#breadcrumb\"},\"inLanguage\":\"de-CH\",\"potentialAction\":[{\"@type\":\"ReadAction\",\"target\":[\"https:\\\/\\\/www.adullam.ch\\\/magazin\\\/musikgeragogik-die-kraft-der-musik-im-alter\\\/\"]}]},{\"@type\":\"ImageObject\",\"inLanguage\":\"de-CH\",\"@id\":\"https:\\\/\\\/www.adullam.ch\\\/magazin\\\/musikgeragogik-die-kraft-der-musik-im-alter\\\/#primaryimage\",\"url\":\"https:\\\/\\\/www.adullam.ch\\\/magazin\\\/wp-content\\\/uploads\\\/2023\\\/10\\\/Musikgeragogik1.png\",\"contentUrl\":\"https:\\\/\\\/www.adullam.ch\\\/magazin\\\/wp-content\\\/uploads\\\/2023\\\/10\\\/Musikgeragogik1.png\",\"width\":800,\"height\":450,\"caption\":\"\u00c4lteres Paar am Klavier\"},{\"@type\":\"BreadcrumbList\",\"@id\":\"https:\\\/\\\/www.adullam.ch\\\/magazin\\\/musikgeragogik-die-kraft-der-musik-im-alter\\\/#breadcrumb\",\"itemListElement\":[{\"@type\":\"ListItem\",\"position\":1,\"name\":\"Startseite\",\"item\":\"https:\\\/\\\/www.adullam.ch\\\/magazin\\\/\"},{\"@type\":\"ListItem\",\"position\":2,\"name\":\"Musikgeragogik: Die Kraft der Musik im Alter\"}]},{\"@type\":\"WebSite\",\"@id\":\"https:\\\/\\\/www.adullam.ch\\\/magazin\\\/#website\",\"url\":\"https:\\\/\\\/www.adullam.ch\\\/magazin\\\/\",\"name\":\"silberFuchs\",\"description\":\"Das Online-Magazin der Adullam Spit\u00e4ler und Pflegezentren\",\"publisher\":{\"@id\":\"https:\\\/\\\/www.adullam.ch\\\/magazin\\\/#organization\"},\"potentialAction\":[{\"@type\":\"SearchAction\",\"target\":{\"@type\":\"EntryPoint\",\"urlTemplate\":\"https:\\\/\\\/www.adullam.ch\\\/magazin\\\/?s={search_term_string}\"},\"query-input\":{\"@type\":\"PropertyValueSpecification\",\"valueRequired\":true,\"valueName\":\"search_term_string\"}}],\"inLanguage\":\"de-CH\"},{\"@type\":\"Organization\",\"@id\":\"https:\\\/\\\/www.adullam.ch\\\/magazin\\\/#organization\",\"name\":\"silverFuchs\",\"alternateName\":\"Magazin von Adullam\",\"url\":\"https:\\\/\\\/www.adullam.ch\\\/magazin\\\/\",\"logo\":{\"@type\":\"ImageObject\",\"inLanguage\":\"de-CH\",\"@id\":\"https:\\\/\\\/www.adullam.ch\\\/magazin\\\/#\\\/schema\\\/logo\\\/image\\\/\",\"url\":\"https:\\\/\\\/www.adullam.ch\\\/magazin\\\/wp-content\\\/uploads\\\/2023\\\/08\\\/cropped-silberFuchs_Favicon.png\",\"contentUrl\":\"https:\\\/\\\/www.adullam.ch\\\/magazin\\\/wp-content\\\/uploads\\\/2023\\\/08\\\/cropped-silberFuchs_Favicon.png\",\"width\":512,\"height\":512,\"caption\":\"silverFuchs\"},\"image\":{\"@id\":\"https:\\\/\\\/www.adullam.ch\\\/magazin\\\/#\\\/schema\\\/logo\\\/image\\\/\"}},{\"@type\":\"Person\",\"@id\":\"https:\\\/\\\/www.adullam.ch\\\/magazin\\\/#\\\/schema\\\/person\\\/6ed0856fe3f6d3a2366d7469668cd0bf\",\"name\":\"Claudia Wasmer\"}]}<\/script>\n<!-- \/ Yoast SEO plugin. -->","yoast_head_json":{"title":"Musikgeragogik: Die Kraft der Musik im Alter | silberFuchs","description":"Entdecken Sie die heilende Kraft der Musik im Alter durch Musikgeragogik \u2013 f\u00fcr kognitive, emotionale und soziale Vorteile. \u25ba Jetzt nachlesen!","robots":{"index":"index","follow":"follow","max-snippet":"max-snippet:-1","max-image-preview":"max-image-preview:large","max-video-preview":"max-video-preview:-1"},"canonical":"https:\/\/www.adullam.ch\/magazin\/musikgeragogik-die-kraft-der-musik-im-alter\/","og_locale":"de_DE","og_type":"article","og_title":"Musikgeragogik: Die Kraft der Musik im Alter | silberFuchs","og_description":"Entdecken Sie die heilende Kraft der Musik im Alter durch Musikgeragogik \u2013 f\u00fcr kognitive, emotionale und soziale Vorteile. \u25ba Jetzt nachlesen!","og_url":"https:\/\/www.adullam.ch\/magazin\/musikgeragogik-die-kraft-der-musik-im-alter\/","og_site_name":"silberFuchs","article_published_time":"2024-09-06T06:05:37+00:00","article_modified_time":"2024-09-23T06:11:11+00:00","og_image":[{"width":800,"height":450,"url":"https:\/\/www.adullam.ch\/magazin\/wp-content\/uploads\/2023\/10\/Musikgeragogik1.png","type":"image\/png"}],"author":"Claudia Wasmer","twitter_card":"summary_large_image","twitter_misc":{"Geschrieben von":"Claudia Wasmer","Gesch\u00e4tzte Lesezeit":"4\u00a0Minuten"},"schema":{"@context":"https:\/\/schema.org","@graph":[{"@type":"Article","@id":"https:\/\/www.adullam.ch\/magazin\/musikgeragogik-die-kraft-der-musik-im-alter\/#article","isPartOf":{"@id":"https:\/\/www.adullam.ch\/magazin\/musikgeragogik-die-kraft-der-musik-im-alter\/"},"author":{"name":"Claudia Wasmer","@id":"https:\/\/www.adullam.ch\/magazin\/#\/schema\/person\/6ed0856fe3f6d3a2366d7469668cd0bf"},"headline":"Musikgeragogik: Die Kraft der Musik im Alter","datePublished":"2024-09-06T06:05:37+00:00","dateModified":"2024-09-23T06:11:11+00:00","mainEntityOfPage":{"@id":"https:\/\/www.adullam.ch\/magazin\/musikgeragogik-die-kraft-der-musik-im-alter\/"},"wordCount":1079,"commentCount":4,"publisher":{"@id":"https:\/\/www.adullam.ch\/magazin\/#organization"},"image":{"@id":"https:\/\/www.adullam.ch\/magazin\/musikgeragogik-die-kraft-der-musik-im-alter\/#primaryimage"},"thumbnailUrl":"https:\/\/www.adullam.ch\/magazin\/wp-content\/uploads\/2023\/10\/Musikgeragogik1.png","articleSection":["Medizin &amp; Gesundheit","Startseite"],"inLanguage":"de-CH","potentialAction":[{"@type":"CommentAction","name":"Comment","target":["https:\/\/www.adullam.ch\/magazin\/musikgeragogik-die-kraft-der-musik-im-alter\/#respond"]}]},{"@type":"WebPage","@id":"https:\/\/www.adullam.ch\/magazin\/musikgeragogik-die-kraft-der-musik-im-alter\/","url":"https:\/\/www.adullam.ch\/magazin\/musikgeragogik-die-kraft-der-musik-im-alter\/","name":"Musikgeragogik: Die Kraft der Musik im Alter | silberFuchs","isPartOf":{"@id":"https:\/\/www.adullam.ch\/magazin\/#website"},"primaryImageOfPage":{"@id":"https:\/\/www.adullam.ch\/magazin\/musikgeragogik-die-kraft-der-musik-im-alter\/#primaryimage"},"image":{"@id":"https:\/\/www.adullam.ch\/magazin\/musikgeragogik-die-kraft-der-musik-im-alter\/#primaryimage"},"thumbnailUrl":"https:\/\/www.adullam.ch\/magazin\/wp-content\/uploads\/2023\/10\/Musikgeragogik1.png","datePublished":"2024-09-06T06:05:37+00:00","dateModified":"2024-09-23T06:11:11+00:00","description":"Entdecken Sie die heilende Kraft der Musik im Alter durch Musikgeragogik \u2013 f\u00fcr kognitive, emotionale und soziale Vorteile. \u25ba Jetzt nachlesen!","breadcrumb":{"@id":"https:\/\/www.adullam.ch\/magazin\/musikgeragogik-die-kraft-der-musik-im-alter\/#breadcrumb"},"inLanguage":"de-CH","potentialAction":[{"@type":"ReadAction","target":["https:\/\/www.adullam.ch\/magazin\/musikgeragogik-die-kraft-der-musik-im-alter\/"]}]},{"@type":"ImageObject","inLanguage":"de-CH","@id":"https:\/\/www.adullam.ch\/magazin\/musikgeragogik-die-kraft-der-musik-im-alter\/#primaryimage","url":"https:\/\/www.adullam.ch\/magazin\/wp-content\/uploads\/2023\/10\/Musikgeragogik1.png","contentUrl":"https:\/\/www.adullam.ch\/magazin\/wp-content\/uploads\/2023\/10\/Musikgeragogik1.png","width":800,"height":450,"caption":"\u00c4lteres Paar am Klavier"},{"@type":"BreadcrumbList","@id":"https:\/\/www.adullam.ch\/magazin\/musikgeragogik-die-kraft-der-musik-im-alter\/#breadcrumb","itemListElement":[{"@type":"ListItem","position":1,"name":"Startseite","item":"https:\/\/www.adullam.ch\/magazin\/"},{"@type":"ListItem","position":2,"name":"Musikgeragogik: Die Kraft der Musik im Alter"}]},{"@type":"WebSite","@id":"https:\/\/www.adullam.ch\/magazin\/#website","url":"https:\/\/www.adullam.ch\/magazin\/","name":"silberFuchs","description":"Das Online-Magazin der Adullam Spit\u00e4ler und Pflegezentren","publisher":{"@id":"https:\/\/www.adullam.ch\/magazin\/#organization"},"potentialAction":[{"@type":"SearchAction","target":{"@type":"EntryPoint","urlTemplate":"https:\/\/www.adullam.ch\/magazin\/?s={search_term_string}"},"query-input":{"@type":"PropertyValueSpecification","valueRequired":true,"valueName":"search_term_string"}}],"inLanguage":"de-CH"},{"@type":"Organization","@id":"https:\/\/www.adullam.ch\/magazin\/#organization","name":"silverFuchs","alternateName":"Magazin von Adullam","url":"https:\/\/www.adullam.ch\/magazin\/","logo":{"@type":"ImageObject","inLanguage":"de-CH","@id":"https:\/\/www.adullam.ch\/magazin\/#\/schema\/logo\/image\/","url":"https:\/\/www.adullam.ch\/magazin\/wp-content\/uploads\/2023\/08\/cropped-silberFuchs_Favicon.png","contentUrl":"https:\/\/www.adullam.ch\/magazin\/wp-content\/uploads\/2023\/08\/cropped-silberFuchs_Favicon.png","width":512,"height":512,"caption":"silverFuchs"},"image":{"@id":"https:\/\/www.adullam.ch\/magazin\/#\/schema\/logo\/image\/"}},{"@type":"Person","@id":"https:\/\/www.adullam.ch\/magazin\/#\/schema\/person\/6ed0856fe3f6d3a2366d7469668cd0bf","name":"Claudia Wasmer"}]}},"_links":{"self":[{"href":"https:\/\/www.adullam.ch\/magazin\/wp-json\/wp\/v2\/posts\/2601","targetHints":{"allow":["GET"]}}],"collection":[{"href":"https:\/\/www.adullam.ch\/magazin\/wp-json\/wp\/v2\/posts"}],"about":[{"href":"https:\/\/www.adullam.ch\/magazin\/wp-json\/wp\/v2\/types\/post"}],"author":[{"embeddable":true,"href":"https:\/\/www.adullam.ch\/magazin\/wp-json\/wp\/v2\/users\/3"}],"replies":[{"embeddable":true,"href":"https:\/\/www.adullam.ch\/magazin\/wp-json\/wp\/v2\/comments?post=2601"}],"version-history":[{"count":14,"href":"https:\/\/www.adullam.ch\/magazin\/wp-json\/wp\/v2\/posts\/2601\/revisions"}],"predecessor-version":[{"id":6645,"href":"https:\/\/www.adullam.ch\/magazin\/wp-json\/wp\/v2\/posts\/2601\/revisions\/6645"}],"wp:featuredmedia":[{"embeddable":true,"href":"https:\/\/www.adullam.ch\/magazin\/wp-json\/wp\/v2\/media\/2606"}],"wp:attachment":[{"href":"https:\/\/www.adullam.ch\/magazin\/wp-json\/wp\/v2\/media?parent=2601"}],"wp:term":[{"taxonomy":"category","embeddable":true,"href":"https:\/\/www.adullam.ch\/magazin\/wp-json\/wp\/v2\/categories?post=2601"},{"taxonomy":"post_tag","embeddable":true,"href":"https:\/\/www.adullam.ch\/magazin\/wp-json\/wp\/v2\/tags?post=2601"}],"curies":[{"name":"wp","href":"https:\/\/api.w.org\/{rel}","templated":true}]}}