{"id":3376,"date":"2025-01-07T07:00:39","date_gmt":"2025-01-07T06:00:39","guid":{"rendered":"https:\/\/www.adullam.ch\/magazin\/?p=3376"},"modified":"2025-01-07T10:40:56","modified_gmt":"2025-01-07T09:40:56","slug":"alter-und-kaelte-warum-aeltere-menschen-schneller-frieren-und-wie-man-abhilfe-schaffen-kann","status":"publish","type":"post","link":"https:\/\/www.adullam.ch\/magazin\/alter-und-kaelte-warum-aeltere-menschen-schneller-frieren-und-wie-man-abhilfe-schaffen-kann\/","title":{"rendered":"Alter und K\u00e4lte: Warum \u00e4ltere Menschen schneller frieren und wie man Abhilfe schaffen kann"},"content":{"rendered":"<p>[et_pb_section fb_built=&#187;1&#8243; _builder_version=&#187;4.21.0&#8243; _module_preset=&#187;default&#187; global_colors_info=&#187;{}&#187;][et_pb_row _builder_version=&#187;4.21.0&#8243; _module_preset=&#187;default&#187; global_colors_info=&#187;{}&#187;][et_pb_column type=&#187;4_4&#8243; _builder_version=&#187;4.21.0&#8243; _module_preset=&#187;default&#187; global_colors_info=&#187;{}&#187;][et_pb_text admin_label=&#187;Einleitung&#187; module_class=&#187;lauftext textinitial&#187; _builder_version=&#187;4.21.0&#8243; _module_preset=&#187;default&#187; text_orientation_tablet=&#187;left&#187; text_orientation_phone=&#187;left&#187; text_orientation_last_edited=&#187;off|desktop&#187; global_colors_info=&#187;{}&#187;]<\/p>\n<h2>Das Ph\u00e4nomen des schnelleren Frierens im Alter ist vielen Menschen bekannt. Mit<br \/>den Jahren scheinen wir k\u00e4lteempfindlicher zu werden und die winterliche K\u00e4lte<br \/>dringt schneller in unsere Knochen ein. Doch warum geschieht das &#8211; und was<br \/>kann man dagegen tun? Dieser Artikel erkl\u00e4rt die Gr\u00fcnde und gibt praktische<br \/>Tipps, um im Winter warm zu bleiben.<\/h2>\n<p>Mit dem Einzug des Winters und sinkenden Temperaturen ist es nicht ungew\u00f6hnlich, dass<br \/>\u00e4ltere Menschen sich vermehrt \u00fcber das fr\u00f6stelnde Gef\u00fchl beklagen. Doch warum ist das so?<br \/>Tats\u00e4chlich ist es nicht nur eine subjektive Empfindung \u2013 \u00e4ltere Menschen sind anf\u00e4lliger f\u00fcr<br \/>K\u00e4lte als j\u00fcngere Altersgruppen. Dieses Ph\u00e4nomen hat verschiedene Ursachen.<\/p>\n<p>[\/et_pb_text][\/et_pb_column][\/et_pb_row][et_pb_row _builder_version=&#187;4.21.0&#8243; _module_preset=&#187;default&#187; global_colors_info=&#187;{}&#187;][et_pb_column type=&#187;4_4&#8243; _builder_version=&#187;4.21.0&#8243; _module_preset=&#187;default&#187; global_colors_info=&#187;{}&#187;][et_pb_blurb title=&#187;Warum frieren \u00e4ltere Menschen schneller?&#187; use_icon=&#187;on&#187; font_icon=&#187;&#xf128;||fa||900&#8243; image_icon_width=&#187;50px&#187; icon_alignment=&#187;left&#187; content_max_width=&#187;1100px&#187; admin_label=&#187;Infobox&#187; module_class=&#187;infobox&#187; _builder_version=&#187;4.21.0&#8243; _module_preset=&#187;default&#187; header_level=&#187;h2&#8243; header_font=&#187;||||||||&#187; body_font=&#187;Gupter||||||||&#187; body_font_size=&#187;24px&#187; background_color=&#187;gcid-6c3495d3-ec07-4663-b383-3af846586beb&#187; custom_padding=&#187;15px|15px|15px|15px|true|true&#187; global_colors_info=&#187;{%22gcid-6c3495d3-ec07-4663-b383-3af846586beb%22:%91%22background_color%22%93}&#187;]<\/p>\n<ol>\n<li>Verlangsamter Stoffwechsel: Mit zunehmendem Alter verlangsamt sich der<br \/>Stoffwechsel. Dies f\u00fchrt dazu, dass der K\u00f6rper weniger W\u00e4rme produziert, um sich<br \/>bei kaltem Wetter warm zu halten.<\/li>\n<li>Verminderte Muskelmasse: Muskelmasse spielt eine entscheidende Rolle bei der<br \/>Erzeugung von K\u00f6rperw\u00e4rme. Im Alter nimmt die Muskelmasse oft ab, was zu einem<br \/>geringeren W\u00e4rmepotenzial f\u00fchrt.<\/li>\n<li>D\u00fcnneres Unterhautfettgewebe: Das Unterhautfettgewebe dient als Isolator und<br \/>hilft dabei, die K\u00f6rperw\u00e4rme zu bewahren. Bei \u00e4lteren Menschen ist dieses<br \/>Fettgewebe oft weniger ausgepr\u00e4gt.<\/li>\n<li>Ver\u00e4nderte Blutzirkulation: Im Alter kann sich die Durchblutung ver\u00e4ndern, was<br \/>dazu f\u00fchrt, dass weniger Blut in die Extremit\u00e4ten gelangt. Dies kann zu kalten<br \/>H\u00e4nden und F\u00fcssen f\u00fchren.\n<\/li>\n<\/ol>\n<p>[\/et_pb_blurb][\/et_pb_column][\/et_pb_row][et_pb_row admin_label=&#187;Row&#187; _builder_version=&#187;4.21.0&#8243; _module_preset=&#187;default&#187; global_colors_info=&#187;{}&#187;][et_pb_column type=&#187;4_4&#8243; _builder_version=&#187;4.21.0&#8243; _module_preset=&#187;default&#187; global_colors_info=&#187;{}&#187;][et_pb_blurb title=&#187;Tipps, um der K\u00e4lte zu trotzen:&#187; use_icon=&#187;on&#187; font_icon=&#187;&#xf12a;||fa||900&#8243; image_icon_width=&#187;50px&#187; icon_alignment=&#187;left&#187; content_max_width=&#187;1100px&#187; admin_label=&#187;Tipps&#187; module_class=&#187;tippsbox&#187; _builder_version=&#187;4.21.0&#8243; _module_preset=&#187;default&#187; header_level=&#187;h2&#8243; header_font=&#187;||||||||&#187; body_font=&#187;Gupter||||||||&#187; body_font_size=&#187;24px&#187; background_color=&#187;gcid-6c3495d3-ec07-4663-b383-3af846586beb&#187; image_icon_custom_margin=&#187;|||10px|false|false&#187; custom_padding=&#187;15px|15px|15px|15px|true|true&#187; global_colors_info=&#187;{%22gcid-6c3495d3-ec07-4663-b383-3af846586beb%22:%91%22background_color%22%93}&#187;]<\/p>\n<p>Tipps, um der K\u00e4lte zu trotzen:<\/p>\n<ul>\n<li>Schichtung: Kleiden Sie sich in mehreren d\u00fcnnen Schichten. Dies hilft, W\u00e4rme<br \/>einzuschlie\u00dfen, und erm\u00f6glicht es Ihnen, sich je nach Bedarf zu entkleiden.<\/li>\n<li>Warme Kleidung: Tragen Sie Kleidung aus isolierenden Materialien wie Wolle und<br \/>Fleece. Achten Sie besonders auf warme Socken, Handschuhe und M\u00fctzen.<\/li>\n<li>Aktiv bleiben: Bewegung erzeugt W\u00e4rme. Versuchen Sie, auch im Winter aktiv zu<br \/>bleiben. Dies kann Spazierg\u00e4nge, leichte \u00dcbungen oder Hausarbeiten einschliessen.<\/li>\n<li>Raumheizung: Halten Sie Ihr Zuhause gut beheizt. Die richtige Raumtemperatur<br \/>kann einen erheblichen Unterschied machen.<\/li>\n<li>Warmes Getr\u00e4nk: Geniessen Sie heisse Getr\u00e4nke wie Tee, Kaffee oder Br\u00fche, um<br \/>sich von innen zu w\u00e4rmen.<\/li>\n<li>W\u00e4rmequellen nutzen: Elektrische Heizdecken und Heizkissen, gesch\u00fctzt in<br \/>Decken, k\u00f6nnen in kalten N\u00e4chten Wunder wirken.<\/li>\n<li>Gesunde Ern\u00e4hrung: Eine ausgewogene Ern\u00e4hrung kann den Stoffwechsel<br \/>unterst\u00fctzen und die Energieproduktion f\u00f6rdern.<\/li>\n<li>Arzt konsultieren: Wenn Sie \u00fcberm\u00e4ssige K\u00e4lteempfindlichkeit oder andere<br \/>ungew\u00f6hnliche Symptome erleben, konsultieren Sie einen Arzt, da ein<br \/>Gesundheitsproblem zugrunde liegen k\u00f6nnte.<\/li>\n<\/ul>\n<p>[\/et_pb_blurb][\/et_pb_column][\/et_pb_row][et_pb_row _builder_version=&#187;4.21.0&#8243; _module_preset=&#187;default&#187; global_colors_info=&#187;{}&#187;][et_pb_column type=&#187;4_4&#8243; _builder_version=&#187;4.21.0&#8243; _module_preset=&#187;default&#187; global_colors_info=&#187;{}&#187;][et_pb_text admin_label=&#187;Abschluss&#187; module_class=&#187;lauftext&#187; _builder_version=&#187;4.21.0&#8243; _module_preset=&#187;default&#187; text_orientation=&#187;justified&#187; text_orientation_tablet=&#187;left&#187; text_orientation_phone=&#187;left&#187; text_orientation_last_edited=&#187;on|desktop&#187; global_colors_info=&#187;{}&#187;]<\/p>\n<h2>Zum Abschluss<\/h2>\n<p>Obwohl die K\u00e4lte im Alter eine Herausforderung sein kann, m\u00f6chten wir Sie mit warmen<br \/>Gedanken daran erinnern, dass der Winter auch viele Freuden mit sich bringt. Von<br \/>gem\u00fctlichen Tagen drinnen mit einer Tasse hei\u00dfem Kakao bis hin zu winterlichen<br \/>Spazierg\u00e4ngen im Schnee &#8211; diese Jahreszeit bietet zahlreiche Gelegenheiten, die Seele zu<br \/>w\u00e4rmen. Mit den richtigen Vorsichtsmassnahmen und Tipps k\u00f6nnen Sie der kalten Jahreszeit<br \/>trotzen!<\/p>\n<p>[\/et_pb_text][\/et_pb_column][\/et_pb_row][\/et_pb_section]<\/p>\n","protected":false},"excerpt":{"rendered":"<p>Das Ph\u00e4nomen des schnelleren Frierens im Alter ist vielen Menschen bekannt. Mit den Jahren scheinen wir k\u00e4lteempfindlicher zu werden und die winterliche K\u00e4lte dringt schneller in unsere Knochen ein. Doch warum geschieht das &#8211; und was kann man dagegen tun? <\/p>\n","protected":false},"author":3,"featured_media":8480,"comment_status":"open","ping_status":"open","sticky":false,"template":"","format":"standard","meta":{"_et_pb_use_builder":"on","_et_pb_old_content":"","_et_gb_content_width":"","footnotes":""},"categories":[7,15],"tags":[],"class_list":["post-3376","post","type-post","status-publish","format-standard","has-post-thumbnail","hentry","category-praeventionundtherapie","category-startseite"],"acf":[],"yoast_head":"<!-- This site is optimized with the Yoast SEO plugin v27.5 - https:\/\/yoast.com\/product\/yoast-seo-wordpress\/ -->\n<title>Alter und K\u00e4lte: Warum \u00e4ltere Menschen schneller frieren und wie man Abhilfe schaffen kann | silberFuchs<\/title>\n<meta name=\"description\" content=\"Erfahren Sie, warum \u00e4ltere Menschen schneller frieren und entdecken Sie wirksame Tipps, um warm und behaglich durch den Winter zu kommen. \u25ba Jetzt aufw\u00e4rmen!\" \/>\n<meta name=\"robots\" content=\"index, follow, max-snippet:-1, max-image-preview:large, max-video-preview:-1\" \/>\n<link rel=\"canonical\" href=\"https:\/\/www.adullam.ch\/magazin\/alter-und-kaelte-warum-aeltere-menschen-schneller-frieren-und-wie-man-abhilfe-schaffen-kann\/\" \/>\n<meta property=\"og:locale\" content=\"de_DE\" \/>\n<meta property=\"og:type\" content=\"article\" \/>\n<meta property=\"og:title\" content=\"Alter und K\u00e4lte: Warum \u00e4ltere Menschen schneller frieren und wie man Abhilfe schaffen kann | silberFuchs\" \/>\n<meta property=\"og:description\" content=\"Erfahren Sie, warum \u00e4ltere Menschen schneller frieren und entdecken Sie wirksame Tipps, um warm und behaglich durch den Winter zu kommen. \u25ba Jetzt aufw\u00e4rmen!\" \/>\n<meta property=\"og:url\" content=\"https:\/\/www.adullam.ch\/magazin\/alter-und-kaelte-warum-aeltere-menschen-schneller-frieren-und-wie-man-abhilfe-schaffen-kann\/\" \/>\n<meta property=\"og:site_name\" content=\"silberFuchs\" \/>\n<meta property=\"article:published_time\" content=\"2025-01-07T06:00:39+00:00\" \/>\n<meta property=\"article:modified_time\" content=\"2025-01-07T09:40:56+00:00\" \/>\n<meta property=\"og:image\" content=\"https:\/\/www.adullam.ch\/magazin\/wp-content\/uploads\/2025\/01\/Alter-und-Kaelte.jpeg\" \/>\n\t<meta property=\"og:image:width\" content=\"800\" \/>\n\t<meta property=\"og:image:height\" content=\"450\" \/>\n\t<meta property=\"og:image:type\" content=\"image\/jpeg\" \/>\n<meta name=\"author\" content=\"Claudia Wasmer\" \/>\n<meta name=\"twitter:card\" content=\"summary_large_image\" \/>\n<meta name=\"twitter:label1\" content=\"Geschrieben von\" \/>\n\t<meta name=\"twitter:data1\" content=\"Claudia Wasmer\" \/>\n\t<meta name=\"twitter:label2\" content=\"Gesch\u00e4tzte Lesezeit\" \/>\n\t<meta name=\"twitter:data2\" content=\"3\u00a0Minuten\" \/>\n<script type=\"application\/ld+json\" class=\"yoast-schema-graph\">{\"@context\":\"https:\\\/\\\/schema.org\",\"@graph\":[{\"@type\":\"Article\",\"@id\":\"https:\\\/\\\/www.adullam.ch\\\/magazin\\\/alter-und-kaelte-warum-aeltere-menschen-schneller-frieren-und-wie-man-abhilfe-schaffen-kann\\\/#article\",\"isPartOf\":{\"@id\":\"https:\\\/\\\/www.adullam.ch\\\/magazin\\\/alter-und-kaelte-warum-aeltere-menschen-schneller-frieren-und-wie-man-abhilfe-schaffen-kann\\\/\"},\"author\":{\"name\":\"Claudia Wasmer\",\"@id\":\"https:\\\/\\\/www.adullam.ch\\\/magazin\\\/#\\\/schema\\\/person\\\/6ed0856fe3f6d3a2366d7469668cd0bf\"},\"headline\":\"Alter und K\u00e4lte: Warum \u00e4ltere Menschen schneller frieren und wie man Abhilfe schaffen kann\",\"datePublished\":\"2025-01-07T06:00:39+00:00\",\"dateModified\":\"2025-01-07T09:40:56+00:00\",\"mainEntityOfPage\":{\"@id\":\"https:\\\/\\\/www.adullam.ch\\\/magazin\\\/alter-und-kaelte-warum-aeltere-menschen-schneller-frieren-und-wie-man-abhilfe-schaffen-kann\\\/\"},\"wordCount\":862,\"commentCount\":9,\"publisher\":{\"@id\":\"https:\\\/\\\/www.adullam.ch\\\/magazin\\\/#organization\"},\"image\":{\"@id\":\"https:\\\/\\\/www.adullam.ch\\\/magazin\\\/alter-und-kaelte-warum-aeltere-menschen-schneller-frieren-und-wie-man-abhilfe-schaffen-kann\\\/#primaryimage\"},\"thumbnailUrl\":\"https:\\\/\\\/www.adullam.ch\\\/magazin\\\/wp-content\\\/uploads\\\/2025\\\/01\\\/Alter-und-Kaelte.jpeg\",\"articleSection\":[\"Pr\u00e4vention und Therapie\",\"Startseite\"],\"inLanguage\":\"de-CH\",\"potentialAction\":[{\"@type\":\"CommentAction\",\"name\":\"Comment\",\"target\":[\"https:\\\/\\\/www.adullam.ch\\\/magazin\\\/alter-und-kaelte-warum-aeltere-menschen-schneller-frieren-und-wie-man-abhilfe-schaffen-kann\\\/#respond\"]}]},{\"@type\":\"WebPage\",\"@id\":\"https:\\\/\\\/www.adullam.ch\\\/magazin\\\/alter-und-kaelte-warum-aeltere-menschen-schneller-frieren-und-wie-man-abhilfe-schaffen-kann\\\/\",\"url\":\"https:\\\/\\\/www.adullam.ch\\\/magazin\\\/alter-und-kaelte-warum-aeltere-menschen-schneller-frieren-und-wie-man-abhilfe-schaffen-kann\\\/\",\"name\":\"Alter und K\u00e4lte: Warum \u00e4ltere Menschen schneller frieren und wie man Abhilfe schaffen kann | silberFuchs\",\"isPartOf\":{\"@id\":\"https:\\\/\\\/www.adullam.ch\\\/magazin\\\/#website\"},\"primaryImageOfPage\":{\"@id\":\"https:\\\/\\\/www.adullam.ch\\\/magazin\\\/alter-und-kaelte-warum-aeltere-menschen-schneller-frieren-und-wie-man-abhilfe-schaffen-kann\\\/#primaryimage\"},\"image\":{\"@id\":\"https:\\\/\\\/www.adullam.ch\\\/magazin\\\/alter-und-kaelte-warum-aeltere-menschen-schneller-frieren-und-wie-man-abhilfe-schaffen-kann\\\/#primaryimage\"},\"thumbnailUrl\":\"https:\\\/\\\/www.adullam.ch\\\/magazin\\\/wp-content\\\/uploads\\\/2025\\\/01\\\/Alter-und-Kaelte.jpeg\",\"datePublished\":\"2025-01-07T06:00:39+00:00\",\"dateModified\":\"2025-01-07T09:40:56+00:00\",\"description\":\"Erfahren Sie, warum \u00e4ltere Menschen schneller frieren und entdecken Sie wirksame Tipps, um warm und behaglich durch den Winter zu kommen. \u25ba Jetzt aufw\u00e4rmen!\",\"breadcrumb\":{\"@id\":\"https:\\\/\\\/www.adullam.ch\\\/magazin\\\/alter-und-kaelte-warum-aeltere-menschen-schneller-frieren-und-wie-man-abhilfe-schaffen-kann\\\/#breadcrumb\"},\"inLanguage\":\"de-CH\",\"potentialAction\":[{\"@type\":\"ReadAction\",\"target\":[\"https:\\\/\\\/www.adullam.ch\\\/magazin\\\/alter-und-kaelte-warum-aeltere-menschen-schneller-frieren-und-wie-man-abhilfe-schaffen-kann\\\/\"]}]},{\"@type\":\"ImageObject\",\"inLanguage\":\"de-CH\",\"@id\":\"https:\\\/\\\/www.adullam.ch\\\/magazin\\\/alter-und-kaelte-warum-aeltere-menschen-schneller-frieren-und-wie-man-abhilfe-schaffen-kann\\\/#primaryimage\",\"url\":\"https:\\\/\\\/www.adullam.ch\\\/magazin\\\/wp-content\\\/uploads\\\/2025\\\/01\\\/Alter-und-Kaelte.jpeg\",\"contentUrl\":\"https:\\\/\\\/www.adullam.ch\\\/magazin\\\/wp-content\\\/uploads\\\/2025\\\/01\\\/Alter-und-Kaelte.jpeg\",\"width\":800,\"height\":450,\"caption\":\"Photo of upset man touch hands infection shoulders bad feel frosty isolated blue color background.\"},{\"@type\":\"BreadcrumbList\",\"@id\":\"https:\\\/\\\/www.adullam.ch\\\/magazin\\\/alter-und-kaelte-warum-aeltere-menschen-schneller-frieren-und-wie-man-abhilfe-schaffen-kann\\\/#breadcrumb\",\"itemListElement\":[{\"@type\":\"ListItem\",\"position\":1,\"name\":\"Startseite\",\"item\":\"https:\\\/\\\/www.adullam.ch\\\/magazin\\\/\"},{\"@type\":\"ListItem\",\"position\":2,\"name\":\"Alter und K\u00e4lte: Warum \u00e4ltere Menschen schneller frieren und wie man Abhilfe schaffen kann\"}]},{\"@type\":\"WebSite\",\"@id\":\"https:\\\/\\\/www.adullam.ch\\\/magazin\\\/#website\",\"url\":\"https:\\\/\\\/www.adullam.ch\\\/magazin\\\/\",\"name\":\"silberFuchs\",\"description\":\"Das Online-Magazin der Adullam Spit\u00e4ler und Pflegezentren\",\"publisher\":{\"@id\":\"https:\\\/\\\/www.adullam.ch\\\/magazin\\\/#organization\"},\"potentialAction\":[{\"@type\":\"SearchAction\",\"target\":{\"@type\":\"EntryPoint\",\"urlTemplate\":\"https:\\\/\\\/www.adullam.ch\\\/magazin\\\/?s={search_term_string}\"},\"query-input\":{\"@type\":\"PropertyValueSpecification\",\"valueRequired\":true,\"valueName\":\"search_term_string\"}}],\"inLanguage\":\"de-CH\"},{\"@type\":\"Organization\",\"@id\":\"https:\\\/\\\/www.adullam.ch\\\/magazin\\\/#organization\",\"name\":\"silverFuchs\",\"alternateName\":\"Magazin von Adullam\",\"url\":\"https:\\\/\\\/www.adullam.ch\\\/magazin\\\/\",\"logo\":{\"@type\":\"ImageObject\",\"inLanguage\":\"de-CH\",\"@id\":\"https:\\\/\\\/www.adullam.ch\\\/magazin\\\/#\\\/schema\\\/logo\\\/image\\\/\",\"url\":\"https:\\\/\\\/www.adullam.ch\\\/magazin\\\/wp-content\\\/uploads\\\/2023\\\/08\\\/cropped-silberFuchs_Favicon.png\",\"contentUrl\":\"https:\\\/\\\/www.adullam.ch\\\/magazin\\\/wp-content\\\/uploads\\\/2023\\\/08\\\/cropped-silberFuchs_Favicon.png\",\"width\":512,\"height\":512,\"caption\":\"silverFuchs\"},\"image\":{\"@id\":\"https:\\\/\\\/www.adullam.ch\\\/magazin\\\/#\\\/schema\\\/logo\\\/image\\\/\"}},{\"@type\":\"Person\",\"@id\":\"https:\\\/\\\/www.adullam.ch\\\/magazin\\\/#\\\/schema\\\/person\\\/6ed0856fe3f6d3a2366d7469668cd0bf\",\"name\":\"Claudia Wasmer\"}]}<\/script>\n<!-- \/ Yoast SEO plugin. -->","yoast_head_json":{"title":"Alter und K\u00e4lte: Warum \u00e4ltere Menschen schneller frieren und wie man Abhilfe schaffen kann | silberFuchs","description":"Erfahren Sie, warum \u00e4ltere Menschen schneller frieren und entdecken Sie wirksame Tipps, um warm und behaglich durch den Winter zu kommen. \u25ba Jetzt aufw\u00e4rmen!","robots":{"index":"index","follow":"follow","max-snippet":"max-snippet:-1","max-image-preview":"max-image-preview:large","max-video-preview":"max-video-preview:-1"},"canonical":"https:\/\/www.adullam.ch\/magazin\/alter-und-kaelte-warum-aeltere-menschen-schneller-frieren-und-wie-man-abhilfe-schaffen-kann\/","og_locale":"de_DE","og_type":"article","og_title":"Alter und K\u00e4lte: Warum \u00e4ltere Menschen schneller frieren und wie man Abhilfe schaffen kann | silberFuchs","og_description":"Erfahren Sie, warum \u00e4ltere Menschen schneller frieren und entdecken Sie wirksame Tipps, um warm und behaglich durch den Winter zu kommen. \u25ba Jetzt aufw\u00e4rmen!","og_url":"https:\/\/www.adullam.ch\/magazin\/alter-und-kaelte-warum-aeltere-menschen-schneller-frieren-und-wie-man-abhilfe-schaffen-kann\/","og_site_name":"silberFuchs","article_published_time":"2025-01-07T06:00:39+00:00","article_modified_time":"2025-01-07T09:40:56+00:00","og_image":[{"width":800,"height":450,"url":"https:\/\/www.adullam.ch\/magazin\/wp-content\/uploads\/2025\/01\/Alter-und-Kaelte.jpeg","type":"image\/jpeg"}],"author":"Claudia Wasmer","twitter_card":"summary_large_image","twitter_misc":{"Geschrieben von":"Claudia Wasmer","Gesch\u00e4tzte Lesezeit":"3\u00a0Minuten"},"schema":{"@context":"https:\/\/schema.org","@graph":[{"@type":"Article","@id":"https:\/\/www.adullam.ch\/magazin\/alter-und-kaelte-warum-aeltere-menschen-schneller-frieren-und-wie-man-abhilfe-schaffen-kann\/#article","isPartOf":{"@id":"https:\/\/www.adullam.ch\/magazin\/alter-und-kaelte-warum-aeltere-menschen-schneller-frieren-und-wie-man-abhilfe-schaffen-kann\/"},"author":{"name":"Claudia Wasmer","@id":"https:\/\/www.adullam.ch\/magazin\/#\/schema\/person\/6ed0856fe3f6d3a2366d7469668cd0bf"},"headline":"Alter und K\u00e4lte: Warum \u00e4ltere Menschen schneller frieren und wie man Abhilfe schaffen kann","datePublished":"2025-01-07T06:00:39+00:00","dateModified":"2025-01-07T09:40:56+00:00","mainEntityOfPage":{"@id":"https:\/\/www.adullam.ch\/magazin\/alter-und-kaelte-warum-aeltere-menschen-schneller-frieren-und-wie-man-abhilfe-schaffen-kann\/"},"wordCount":862,"commentCount":9,"publisher":{"@id":"https:\/\/www.adullam.ch\/magazin\/#organization"},"image":{"@id":"https:\/\/www.adullam.ch\/magazin\/alter-und-kaelte-warum-aeltere-menschen-schneller-frieren-und-wie-man-abhilfe-schaffen-kann\/#primaryimage"},"thumbnailUrl":"https:\/\/www.adullam.ch\/magazin\/wp-content\/uploads\/2025\/01\/Alter-und-Kaelte.jpeg","articleSection":["Pr\u00e4vention und Therapie","Startseite"],"inLanguage":"de-CH","potentialAction":[{"@type":"CommentAction","name":"Comment","target":["https:\/\/www.adullam.ch\/magazin\/alter-und-kaelte-warum-aeltere-menschen-schneller-frieren-und-wie-man-abhilfe-schaffen-kann\/#respond"]}]},{"@type":"WebPage","@id":"https:\/\/www.adullam.ch\/magazin\/alter-und-kaelte-warum-aeltere-menschen-schneller-frieren-und-wie-man-abhilfe-schaffen-kann\/","url":"https:\/\/www.adullam.ch\/magazin\/alter-und-kaelte-warum-aeltere-menschen-schneller-frieren-und-wie-man-abhilfe-schaffen-kann\/","name":"Alter und K\u00e4lte: Warum \u00e4ltere Menschen schneller frieren und wie man Abhilfe schaffen kann | silberFuchs","isPartOf":{"@id":"https:\/\/www.adullam.ch\/magazin\/#website"},"primaryImageOfPage":{"@id":"https:\/\/www.adullam.ch\/magazin\/alter-und-kaelte-warum-aeltere-menschen-schneller-frieren-und-wie-man-abhilfe-schaffen-kann\/#primaryimage"},"image":{"@id":"https:\/\/www.adullam.ch\/magazin\/alter-und-kaelte-warum-aeltere-menschen-schneller-frieren-und-wie-man-abhilfe-schaffen-kann\/#primaryimage"},"thumbnailUrl":"https:\/\/www.adullam.ch\/magazin\/wp-content\/uploads\/2025\/01\/Alter-und-Kaelte.jpeg","datePublished":"2025-01-07T06:00:39+00:00","dateModified":"2025-01-07T09:40:56+00:00","description":"Erfahren Sie, warum \u00e4ltere Menschen schneller frieren und entdecken Sie wirksame Tipps, um warm und behaglich durch den Winter zu kommen. \u25ba Jetzt aufw\u00e4rmen!","breadcrumb":{"@id":"https:\/\/www.adullam.ch\/magazin\/alter-und-kaelte-warum-aeltere-menschen-schneller-frieren-und-wie-man-abhilfe-schaffen-kann\/#breadcrumb"},"inLanguage":"de-CH","potentialAction":[{"@type":"ReadAction","target":["https:\/\/www.adullam.ch\/magazin\/alter-und-kaelte-warum-aeltere-menschen-schneller-frieren-und-wie-man-abhilfe-schaffen-kann\/"]}]},{"@type":"ImageObject","inLanguage":"de-CH","@id":"https:\/\/www.adullam.ch\/magazin\/alter-und-kaelte-warum-aeltere-menschen-schneller-frieren-und-wie-man-abhilfe-schaffen-kann\/#primaryimage","url":"https:\/\/www.adullam.ch\/magazin\/wp-content\/uploads\/2025\/01\/Alter-und-Kaelte.jpeg","contentUrl":"https:\/\/www.adullam.ch\/magazin\/wp-content\/uploads\/2025\/01\/Alter-und-Kaelte.jpeg","width":800,"height":450,"caption":"Photo of upset man touch hands infection shoulders bad feel frosty isolated blue color background."},{"@type":"BreadcrumbList","@id":"https:\/\/www.adullam.ch\/magazin\/alter-und-kaelte-warum-aeltere-menschen-schneller-frieren-und-wie-man-abhilfe-schaffen-kann\/#breadcrumb","itemListElement":[{"@type":"ListItem","position":1,"name":"Startseite","item":"https:\/\/www.adullam.ch\/magazin\/"},{"@type":"ListItem","position":2,"name":"Alter und K\u00e4lte: Warum \u00e4ltere Menschen schneller frieren und wie man Abhilfe schaffen kann"}]},{"@type":"WebSite","@id":"https:\/\/www.adullam.ch\/magazin\/#website","url":"https:\/\/www.adullam.ch\/magazin\/","name":"silberFuchs","description":"Das Online-Magazin der Adullam Spit\u00e4ler und Pflegezentren","publisher":{"@id":"https:\/\/www.adullam.ch\/magazin\/#organization"},"potentialAction":[{"@type":"SearchAction","target":{"@type":"EntryPoint","urlTemplate":"https:\/\/www.adullam.ch\/magazin\/?s={search_term_string}"},"query-input":{"@type":"PropertyValueSpecification","valueRequired":true,"valueName":"search_term_string"}}],"inLanguage":"de-CH"},{"@type":"Organization","@id":"https:\/\/www.adullam.ch\/magazin\/#organization","name":"silverFuchs","alternateName":"Magazin von Adullam","url":"https:\/\/www.adullam.ch\/magazin\/","logo":{"@type":"ImageObject","inLanguage":"de-CH","@id":"https:\/\/www.adullam.ch\/magazin\/#\/schema\/logo\/image\/","url":"https:\/\/www.adullam.ch\/magazin\/wp-content\/uploads\/2023\/08\/cropped-silberFuchs_Favicon.png","contentUrl":"https:\/\/www.adullam.ch\/magazin\/wp-content\/uploads\/2023\/08\/cropped-silberFuchs_Favicon.png","width":512,"height":512,"caption":"silverFuchs"},"image":{"@id":"https:\/\/www.adullam.ch\/magazin\/#\/schema\/logo\/image\/"}},{"@type":"Person","@id":"https:\/\/www.adullam.ch\/magazin\/#\/schema\/person\/6ed0856fe3f6d3a2366d7469668cd0bf","name":"Claudia Wasmer"}]}},"_links":{"self":[{"href":"https:\/\/www.adullam.ch\/magazin\/wp-json\/wp\/v2\/posts\/3376","targetHints":{"allow":["GET"]}}],"collection":[{"href":"https:\/\/www.adullam.ch\/magazin\/wp-json\/wp\/v2\/posts"}],"about":[{"href":"https:\/\/www.adullam.ch\/magazin\/wp-json\/wp\/v2\/types\/post"}],"author":[{"embeddable":true,"href":"https:\/\/www.adullam.ch\/magazin\/wp-json\/wp\/v2\/users\/3"}],"replies":[{"embeddable":true,"href":"https:\/\/www.adullam.ch\/magazin\/wp-json\/wp\/v2\/comments?post=3376"}],"version-history":[{"count":21,"href":"https:\/\/www.adullam.ch\/magazin\/wp-json\/wp\/v2\/posts\/3376\/revisions"}],"predecessor-version":[{"id":3735,"href":"https:\/\/www.adullam.ch\/magazin\/wp-json\/wp\/v2\/posts\/3376\/revisions\/3735"}],"wp:featuredmedia":[{"embeddable":true,"href":"https:\/\/www.adullam.ch\/magazin\/wp-json\/wp\/v2\/media\/8480"}],"wp:attachment":[{"href":"https:\/\/www.adullam.ch\/magazin\/wp-json\/wp\/v2\/media?parent=3376"}],"wp:term":[{"taxonomy":"category","embeddable":true,"href":"https:\/\/www.adullam.ch\/magazin\/wp-json\/wp\/v2\/categories?post=3376"},{"taxonomy":"post_tag","embeddable":true,"href":"https:\/\/www.adullam.ch\/magazin\/wp-json\/wp\/v2\/tags?post=3376"}],"curies":[{"name":"wp","href":"https:\/\/api.w.org\/{rel}","templated":true}]}}