{"id":3947,"date":"2025-01-17T09:20:17","date_gmt":"2025-01-17T08:20:17","guid":{"rendered":"https:\/\/www.adullam.ch\/magazin\/?p=3947"},"modified":"2025-01-17T13:42:22","modified_gmt":"2025-01-17T12:42:22","slug":"wenn-der-husten-kommt-alles-ueber-die-akute-bronchitis","status":"publish","type":"post","link":"https:\/\/www.adullam.ch\/magazin\/wenn-der-husten-kommt-alles-ueber-die-akute-bronchitis\/","title":{"rendered":"Wenn der Husten kommt: Alles \u00fcber die akute Bronchitis"},"content":{"rendered":"<p>[et_pb_section fb_built=&#187;1&#8243; _builder_version=&#187;4.21.0&#8243; _module_preset=&#187;default&#187; global_colors_info=&#187;{}&#187;][et_pb_row _builder_version=&#187;4.21.0&#8243; _module_preset=&#187;default&#187; global_colors_info=&#187;{}&#187;][et_pb_column type=&#187;4_4&#8243; _builder_version=&#187;4.21.0&#8243; _module_preset=&#187;default&#187; global_colors_info=&#187;{}&#187;][et_pb_text admin_label=&#187;Einleitung&#187; module_class=&#187;lauftext textinitial&#187; _builder_version=&#187;4.21.0&#8243; _module_preset=&#187;default&#187; hover_enabled=&#187;0&#8243; text_orientation_tablet=&#187;left&#187; text_orientation_phone=&#187;left&#187; text_orientation_last_edited=&#187;off|desktop&#187; global_colors_info=&#187;{}&#187; sticky_enabled=&#187;0&#8243;]<\/p>\n<h2 class=\"p1\"><span class=\"s1\">Nach wie vor weht ein kalter Wind durch die Strassen &#8211; und leider kommt dann oft auch der Husten um die Ecke. Genau dann k\u00f6nnte es sein, dass eine Bronchitis zuschl\u00e4gt. Keine Panik, wir haben hier alle Infos, damit Sie gut gewappnet sind!<\/span><\/h2>\n<p class=\"p1\"><span class=\"s1\">Die\u00a0 Bronchitis ist wie der ungebetene Gast nach einer Erk\u00e4ltung oder Grippe, und leider sind \u00e4ltere Menschen oft st\u00e4rker von diesen unerw\u00fcnschten Besuchern betroffen. Dieser Gast bringt oft einen nervigen Husten mit, der anfangs trocken ist, aber dann wird er richtig produktiv \u2013 mit Auswurf und allem Drum und Dran.<\/span><\/p>\n<p>[\/et_pb_text][\/et_pb_column][\/et_pb_row][et_pb_row _builder_version=&#187;4.21.0&#8243; _module_preset=&#187;default&#187; global_colors_info=&#187;{}&#187;][et_pb_column type=&#187;4_4&#8243; _builder_version=&#187;4.21.0&#8243; _module_preset=&#187;default&#187; global_colors_info=&#187;{}&#187;][et_pb_text admin_label=&#187;Text 1&#8243; module_class=&#187;lauftext&#187; _builder_version=&#187;4.21.0&#8243; _module_preset=&#187;default&#187; text_orientation=&#187;justified&#187; text_orientation_tablet=&#187;left&#187; text_orientation_phone=&#187;left&#187; text_orientation_last_edited=&#187;on|desktop&#187; global_colors_info=&#187;{}&#187;]<\/p>\n<p class=\"p1\"><span class=\"s1\">Bakterien und Viren, die eine Bronchitis verursachen, werden oft durch Tr\u00f6pfcheninfektion \u00fcbertragen. W\u00e4hrend ein starkes Immunsystem diese Schadorganismen bek\u00e4mpfen kann, l\u00e4sst im Alter die St\u00e4rke des Immunsystems h\u00e4ufig nach. Senior:innen haben daher eine h\u00f6here Anf\u00e4lligkeit f\u00fcr Atemwegsinfekte, und ihre K\u00f6rper k\u00f6nnen eindringende Bakterien und Viren schwerer abwehren. Dies macht sie anf\u00e4lliger f\u00fcr Bronchitis, und aufgrund der meist schw\u00e4cheren Abwehrkr\u00e4fte kann auch die Heilung bei Senior:innen schwieriger sein, was das Risiko einer chronischen Bronchitis erh\u00f6ht.<\/span><\/p>\n<p>[\/et_pb_text][et_pb_text admin_label=&#187;Text 2&#8243; module_class=&#187;lauftext&#187; _builder_version=&#187;4.21.0&#8243; _module_preset=&#187;default&#187; text_orientation=&#187;justified&#187; text_orientation_tablet=&#187;left&#187; text_orientation_phone=&#187;left&#187; text_orientation_last_edited=&#187;on|desktop&#187; global_colors_info=&#187;{}&#187;]<\/p>\n<h2 class=\"p1\"><span class=\"s1\">Deshalb sollten Sie bei einer Erk\u00e4ltung auf folgende Symptome achten:<\/span><\/h2>\n<ul>\n<li>\n<p class=\"p1\"><span class=\"s1\"><b>Der unvermeidliche Husten:<\/b> Trocken oder mit Schleim, der Husten steht im Rampenlicht. Bei \u00e4lteren Menschen kann er jedoch besonders belastend sein und zu einer Verschlechterung des Allgemeinzustands f\u00fchren.<\/span><\/p>\n<\/li>\n<li>\n<p class=\"p1\"><span class=\"s1\"><b>Atemnot:<\/b> F\u00fchlt sich an, als ob Sie versuchen, einen Marathon in Ihrer K\u00fcche zu laufen. \u00c4ltere Menschen sind m\u00f6glicherweise st\u00e4rker von Atembeschwerden betroffen, was zus\u00e4tzliche Risiken birgt.<\/span><\/p>\n<\/li>\n<li>\n<p class=\"p1\"><span class=\"s1\"><b>M\u00fcdigkeit und ein Hauch von Fieber:<\/b> Ihre Energie ist im Keller, und das Thermometer zeigt ein bisschen mehr als sonst. Bei \u00e4lteren Menschen kann Fieber Anzeichen f\u00fcr eine ernstere Infektion sein, daher ist besondere Vorsicht geboten.<\/span><\/p>\n<\/li>\n<\/ul>\n<p>[\/et_pb_text][\/et_pb_column][\/et_pb_row][et_pb_row _builder_version=&#187;4.21.0&#8243; _module_preset=&#187;default&#187; global_colors_info=&#187;{}&#187;][et_pb_column type=&#187;4_4&#8243; _builder_version=&#187;4.21.0&#8243; _module_preset=&#187;default&#187; global_colors_info=&#187;{}&#187;][et_pb_blurb title=&#187;Welche Ersthilfemittel gibt es, wenn der Husten auftritt?&#187; use_icon=&#187;on&#187; font_icon=&#187;&#xf12a;||fa||900&#8243; image_icon_width=&#187;50px&#187; icon_alignment=&#187;left&#187; content_max_width=&#187;1100px&#187; admin_label=&#187;Tipps&#187; module_class=&#187;tippsbox&#187; _builder_version=&#187;4.21.0&#8243; _module_preset=&#187;default&#187; header_level=&#187;h2&#8243; header_font=&#187;||||||||&#187; body_font=&#187;Gupter||||||||&#187; body_font_size=&#187;24px&#187; background_color=&#187;gcid-6c3495d3-ec07-4663-b383-3af846586beb&#187; image_icon_custom_margin=&#187;|||10px|false|false&#187; custom_padding=&#187;15px|15px|15px|15px|true|true&#187; global_colors_info=&#187;{%22gcid-6c3495d3-ec07-4663-b383-3af846586beb%22:%91%22background_color%22%93}&#187;]<\/p>\n<p class=\"p1\"><span class=\"s1\">Was tun, wenn der Husten zuschl\u00e4gt? Hier sind einige Erste-Hilfe-Massnahmen, bevor der Husten akut wird:<\/span><\/p>\n<ul>\n<li>\n<p class=\"p1\"><span class=\"s1\"><b>Ruhe und angenehmes Raumklima: <\/b><\/span>Verbringen Sie die Genesungszeit in einem gut gel\u00fcfteten Raum mit angenehmer Temperatur. Luftbefeuchter oder Luftw\u00e4scher k\u00f6nnen die Raumluft befeuchten und das Atmen erleichtern.<\/p>\n<\/li>\n<li>\n<p class=\"p1\"><span class=\"s1\"><b>Vermeidung von Reizstoffen: <\/b><\/span><span class=\"s1\">Rauchvermeidung ist entscheidend. Sowohl der Patient als auch Besucher sollten nicht rauchen. <\/span><span class=\"s1\">Regelm\u00e4ssiges Stossl\u00fcften tr\u00e4gt zur Verbesserung der Raumluft bei.<\/span><\/p>\n<\/li>\n<li>\n<p class=\"p1\"><span class=\"s1\"><b>Fl\u00fcssigkeitszufuhr und ausgewogene Ern\u00e4hrung: <\/b><\/span>Trinken Sie ausreichend Fl\u00fcssigkeit, vorzugsweise Kr\u00e4utertees mit schleiml\u00f6senden Eigenschaften. Eine ausgewogene, leichte und vitaminreiche Ern\u00e4hrung f\u00f6rdert die Bildung von Sekret in den Bronchien.<\/p>\n<\/li>\n<li>\n<p class=\"p1\"><span class=\"s1\"><b>Inhalationen f\u00fcr unterst\u00fctzende Wirkung: <\/b><\/span><span class=\"s1\">Inhalationen k\u00f6nnen die Bildung von Sekret in den Bronchien unterst\u00fctzen.<\/span><\/p>\n<\/li>\n<li>\n<p class=\"p1\"><span class=\"s1\"><b>Angemessene Kleidung: <\/b><\/span>Tragen Sie w\u00e4hrend der Krankheitsphase leichte, aber w\u00e4rmende Kleidung. Bei starkem Schwitzen regelm\u00e4ssig die Kleidung wechseln, um Unterk\u00fchlung zu vermeiden.<\/p>\n<\/li>\n<li>\n<p class=\"p1\"><span class=\"s1\"><b>Brustmuskulatur entlasten: <\/b><\/span><span class=\"s1\">Warme Brustwickel oder Einreibungen am Brustkorb k\u00f6nnen unterst\u00fctzend wirken.<\/span><\/p>\n<\/li>\n<li>\n<p class=\"p1\"><span class=\"s1\"><b>Fiebersenker: <\/b><\/span><span class=\"s1\">Paracetamol oder Ibuprofen k\u00f6nnen Wunder wirken, wenn Sie sich m\u00fcde und fiebrig f\u00fchlen.<\/span><\/p>\n<\/li>\n<\/ul>\n<p>[\/et_pb_blurb][\/et_pb_column][\/et_pb_row][et_pb_row _builder_version=&#187;4.21.0&#8243; _module_preset=&#187;default&#187; global_colors_info=&#187;{}&#187;][et_pb_column type=&#187;4_4&#8243; _builder_version=&#187;4.21.0&#8243; _module_preset=&#187;default&#187; global_colors_info=&#187;{}&#187;][et_pb_text admin_label=&#187;Abschluss&#187; module_class=&#187;lauftext&#187; _builder_version=&#187;4.21.0&#8243; _module_preset=&#187;default&#187; text_orientation=&#187;justified&#187; text_orientation_tablet=&#187;left&#187; text_orientation_phone=&#187;left&#187; text_orientation_last_edited=&#187;on|desktop&#187; global_colors_info=&#187;{}&#187;]<\/p>\n<h2 class=\"p1\"><span class=\"s1\">Wann ist es Zeit f\u00fcr den Doktor?<\/span><\/h2>\n<p class=\"p1\"><span class=\"s1\">F\u00fcr \u00e4ltere Menschen ist es besonders wichtig, bei den ersten Anzeichen von Husten, Atembeschwerden oder Fieber sofort \u00e4rztlichen Rat einzuholen. Die rechtzeitige Konsultation kann dazu beitragen, m\u00f6gliche Komplikationen zu vermeiden und eine gezielte Behandlung zu beginnen.<\/span><\/p>\n<p class=\"p1\"><span class=\"s1\">Vorbeugen ist besser als Heilen: Einfache Massnahmen wie regelm\u00e4ssiges H\u00e4ndewaschen, das Meiden von Menschenmengen und ein gesunder Lebensstil k\u00f6nnen dazu beitragen, das Risiko einer Bronchitis zu minimieren. Kleine Verhaltens\u00e4nderungen k\u00f6nnen oft grosse Wirkung zeigen und dabei helfen, l\u00e4stigen Husten fernzuhalten!<\/span><\/p>\n<p>[\/et_pb_text][\/et_pb_column][\/et_pb_row][et_pb_row _builder_version=&#187;4.21.0&#8243; _module_preset=&#187;default&#187; global_colors_info=&#187;{}&#187;][et_pb_column type=&#187;4_4&#8243; _builder_version=&#187;4.21.0&#8243; _module_preset=&#187;default&#187; global_colors_info=&#187;{}&#187;][et_pb_text admin_label=&#187;Siskia K\u00fcrzel&#187; module_class=&#187;lauftext&#187; _builder_version=&#187;4.21.0&#8243; _module_preset=&#187;default&#187; text_orientation=&#187;justified&#187; global_colors_info=&#187;{}&#187;]<\/p>\n<h2><a href=\"https:\/\/www.adullam.ch\/magazin\/redaktion\/\" target=\"_blank\" rel=\"noopener\">(SR)<\/a><\/h2>\n<p>&nbsp;<\/p>\n<p>[\/et_pb_text][\/et_pb_column][\/et_pb_row][\/et_pb_section]<\/p>\n","protected":false},"excerpt":{"rendered":"<p>Noch ist der Fr\u00fchling nicht ganz da &#8211; nach wie vor weht ein kalter Wind durch die Strassen &#8211; und leider kommt dann oft auch der Husten um die Ecke. Genau dann k\u00f6nnte es sein, dass eine Bronchitis zuschl\u00e4gt. Keine Panik, wir haben hier alle Infos, damit Sie gut gewappnet sind!<\/p>\n","protected":false},"author":3,"featured_media":3954,"comment_status":"open","ping_status":"open","sticky":false,"template":"","format":"standard","meta":{"_et_pb_use_builder":"on","_et_pb_old_content":"","_et_gb_content_width":"","footnotes":""},"categories":[13,15],"tags":[],"class_list":["post-3947","post","type-post","status-publish","format-standard","has-post-thumbnail","hentry","category-einfacherklaert","category-startseite"],"acf":[],"yoast_head":"<!-- This site is optimized with the Yoast SEO plugin v27.5 - https:\/\/yoast.com\/product\/yoast-seo-wordpress\/ -->\n<title>Wenn der Husten kommt: Alles \u00fcber die akute Bronchitis | silberFuchs<\/title>\n<meta name=\"description\" content=\"In diesem Artikel erf\u00e4hrst du alles \u00fcber die akute Bronchitis, von Ratschl\u00e4gen bei Husten bis zur Pr\u00e4vention \u25ba Jetzt lesen und wieder klar atmen!\" \/>\n<meta name=\"robots\" content=\"index, follow, max-snippet:-1, max-image-preview:large, max-video-preview:-1\" \/>\n<link rel=\"canonical\" href=\"https:\/\/www.adullam.ch\/magazin\/wenn-der-husten-kommt-alles-ueber-die-akute-bronchitis\/\" \/>\n<meta property=\"og:locale\" content=\"de_DE\" \/>\n<meta property=\"og:type\" content=\"article\" \/>\n<meta property=\"og:title\" content=\"Wenn der Husten kommt: Alles \u00fcber die akute Bronchitis | silberFuchs\" \/>\n<meta property=\"og:description\" content=\"In diesem Artikel erf\u00e4hrst du alles \u00fcber die akute Bronchitis, von Ratschl\u00e4gen bei Husten bis zur Pr\u00e4vention \u25ba Jetzt lesen und wieder klar atmen!\" \/>\n<meta property=\"og:url\" content=\"https:\/\/www.adullam.ch\/magazin\/wenn-der-husten-kommt-alles-ueber-die-akute-bronchitis\/\" \/>\n<meta property=\"og:site_name\" content=\"silberFuchs\" \/>\n<meta property=\"article:published_time\" content=\"2025-01-17T08:20:17+00:00\" \/>\n<meta property=\"article:modified_time\" content=\"2025-01-17T12:42:22+00:00\" \/>\n<meta property=\"og:image\" content=\"https:\/\/www.adullam.ch\/magazin\/wp-content\/uploads\/2024\/02\/Bronchitis.png\" \/>\n\t<meta property=\"og:image:width\" content=\"800\" \/>\n\t<meta property=\"og:image:height\" content=\"450\" \/>\n\t<meta property=\"og:image:type\" content=\"image\/png\" \/>\n<meta name=\"author\" content=\"Claudia Wasmer\" \/>\n<meta name=\"twitter:card\" content=\"summary_large_image\" \/>\n<meta name=\"twitter:label1\" content=\"Geschrieben von\" \/>\n\t<meta name=\"twitter:data1\" content=\"Claudia Wasmer\" \/>\n\t<meta name=\"twitter:label2\" content=\"Gesch\u00e4tzte Lesezeit\" \/>\n\t<meta name=\"twitter:data2\" content=\"5\u00a0Minuten\" \/>\n<script type=\"application\/ld+json\" class=\"yoast-schema-graph\">{\"@context\":\"https:\\\/\\\/schema.org\",\"@graph\":[{\"@type\":\"Article\",\"@id\":\"https:\\\/\\\/www.adullam.ch\\\/magazin\\\/wenn-der-husten-kommt-alles-ueber-die-akute-bronchitis\\\/#article\",\"isPartOf\":{\"@id\":\"https:\\\/\\\/www.adullam.ch\\\/magazin\\\/wenn-der-husten-kommt-alles-ueber-die-akute-bronchitis\\\/\"},\"author\":{\"name\":\"Claudia Wasmer\",\"@id\":\"https:\\\/\\\/www.adullam.ch\\\/magazin\\\/#\\\/schema\\\/person\\\/6ed0856fe3f6d3a2366d7469668cd0bf\"},\"headline\":\"Wenn der Husten kommt: Alles \u00fcber die akute Bronchitis\",\"datePublished\":\"2025-01-17T08:20:17+00:00\",\"dateModified\":\"2025-01-17T12:42:22+00:00\",\"mainEntityOfPage\":{\"@id\":\"https:\\\/\\\/www.adullam.ch\\\/magazin\\\/wenn-der-husten-kommt-alles-ueber-die-akute-bronchitis\\\/\"},\"wordCount\":1015,\"commentCount\":0,\"publisher\":{\"@id\":\"https:\\\/\\\/www.adullam.ch\\\/magazin\\\/#organization\"},\"image\":{\"@id\":\"https:\\\/\\\/www.adullam.ch\\\/magazin\\\/wenn-der-husten-kommt-alles-ueber-die-akute-bronchitis\\\/#primaryimage\"},\"thumbnailUrl\":\"https:\\\/\\\/www.adullam.ch\\\/magazin\\\/wp-content\\\/uploads\\\/2024\\\/02\\\/Bronchitis.png\",\"articleSection\":[\"Medizin &amp; Gesundheit\",\"Startseite\"],\"inLanguage\":\"de-CH\",\"potentialAction\":[{\"@type\":\"CommentAction\",\"name\":\"Comment\",\"target\":[\"https:\\\/\\\/www.adullam.ch\\\/magazin\\\/wenn-der-husten-kommt-alles-ueber-die-akute-bronchitis\\\/#respond\"]}]},{\"@type\":\"WebPage\",\"@id\":\"https:\\\/\\\/www.adullam.ch\\\/magazin\\\/wenn-der-husten-kommt-alles-ueber-die-akute-bronchitis\\\/\",\"url\":\"https:\\\/\\\/www.adullam.ch\\\/magazin\\\/wenn-der-husten-kommt-alles-ueber-die-akute-bronchitis\\\/\",\"name\":\"Wenn der Husten kommt: Alles \u00fcber die akute Bronchitis | silberFuchs\",\"isPartOf\":{\"@id\":\"https:\\\/\\\/www.adullam.ch\\\/magazin\\\/#website\"},\"primaryImageOfPage\":{\"@id\":\"https:\\\/\\\/www.adullam.ch\\\/magazin\\\/wenn-der-husten-kommt-alles-ueber-die-akute-bronchitis\\\/#primaryimage\"},\"image\":{\"@id\":\"https:\\\/\\\/www.adullam.ch\\\/magazin\\\/wenn-der-husten-kommt-alles-ueber-die-akute-bronchitis\\\/#primaryimage\"},\"thumbnailUrl\":\"https:\\\/\\\/www.adullam.ch\\\/magazin\\\/wp-content\\\/uploads\\\/2024\\\/02\\\/Bronchitis.png\",\"datePublished\":\"2025-01-17T08:20:17+00:00\",\"dateModified\":\"2025-01-17T12:42:22+00:00\",\"description\":\"In diesem Artikel erf\u00e4hrst du alles \u00fcber die akute Bronchitis, von Ratschl\u00e4gen bei Husten bis zur Pr\u00e4vention \u25ba Jetzt lesen und wieder klar atmen!\",\"breadcrumb\":{\"@id\":\"https:\\\/\\\/www.adullam.ch\\\/magazin\\\/wenn-der-husten-kommt-alles-ueber-die-akute-bronchitis\\\/#breadcrumb\"},\"inLanguage\":\"de-CH\",\"potentialAction\":[{\"@type\":\"ReadAction\",\"target\":[\"https:\\\/\\\/www.adullam.ch\\\/magazin\\\/wenn-der-husten-kommt-alles-ueber-die-akute-bronchitis\\\/\"]}]},{\"@type\":\"ImageObject\",\"inLanguage\":\"de-CH\",\"@id\":\"https:\\\/\\\/www.adullam.ch\\\/magazin\\\/wenn-der-husten-kommt-alles-ueber-die-akute-bronchitis\\\/#primaryimage\",\"url\":\"https:\\\/\\\/www.adullam.ch\\\/magazin\\\/wp-content\\\/uploads\\\/2024\\\/02\\\/Bronchitis.png\",\"contentUrl\":\"https:\\\/\\\/www.adullam.ch\\\/magazin\\\/wp-content\\\/uploads\\\/2024\\\/02\\\/Bronchitis.png\",\"width\":800,\"height\":450,\"caption\":\"\u00c4lterer Mann sitzt in einer Decke mit einem Becher Tee auf dem Sofa\"},{\"@type\":\"BreadcrumbList\",\"@id\":\"https:\\\/\\\/www.adullam.ch\\\/magazin\\\/wenn-der-husten-kommt-alles-ueber-die-akute-bronchitis\\\/#breadcrumb\",\"itemListElement\":[{\"@type\":\"ListItem\",\"position\":1,\"name\":\"Startseite\",\"item\":\"https:\\\/\\\/www.adullam.ch\\\/magazin\\\/\"},{\"@type\":\"ListItem\",\"position\":2,\"name\":\"Wenn der Husten kommt: Alles \u00fcber die akute Bronchitis\"}]},{\"@type\":\"WebSite\",\"@id\":\"https:\\\/\\\/www.adullam.ch\\\/magazin\\\/#website\",\"url\":\"https:\\\/\\\/www.adullam.ch\\\/magazin\\\/\",\"name\":\"silberFuchs\",\"description\":\"Das Online-Magazin der Adullam Spit\u00e4ler und Pflegezentren\",\"publisher\":{\"@id\":\"https:\\\/\\\/www.adullam.ch\\\/magazin\\\/#organization\"},\"potentialAction\":[{\"@type\":\"SearchAction\",\"target\":{\"@type\":\"EntryPoint\",\"urlTemplate\":\"https:\\\/\\\/www.adullam.ch\\\/magazin\\\/?s={search_term_string}\"},\"query-input\":{\"@type\":\"PropertyValueSpecification\",\"valueRequired\":true,\"valueName\":\"search_term_string\"}}],\"inLanguage\":\"de-CH\"},{\"@type\":\"Organization\",\"@id\":\"https:\\\/\\\/www.adullam.ch\\\/magazin\\\/#organization\",\"name\":\"silverFuchs\",\"alternateName\":\"Magazin von Adullam\",\"url\":\"https:\\\/\\\/www.adullam.ch\\\/magazin\\\/\",\"logo\":{\"@type\":\"ImageObject\",\"inLanguage\":\"de-CH\",\"@id\":\"https:\\\/\\\/www.adullam.ch\\\/magazin\\\/#\\\/schema\\\/logo\\\/image\\\/\",\"url\":\"https:\\\/\\\/www.adullam.ch\\\/magazin\\\/wp-content\\\/uploads\\\/2023\\\/08\\\/cropped-silberFuchs_Favicon.png\",\"contentUrl\":\"https:\\\/\\\/www.adullam.ch\\\/magazin\\\/wp-content\\\/uploads\\\/2023\\\/08\\\/cropped-silberFuchs_Favicon.png\",\"width\":512,\"height\":512,\"caption\":\"silverFuchs\"},\"image\":{\"@id\":\"https:\\\/\\\/www.adullam.ch\\\/magazin\\\/#\\\/schema\\\/logo\\\/image\\\/\"}},{\"@type\":\"Person\",\"@id\":\"https:\\\/\\\/www.adullam.ch\\\/magazin\\\/#\\\/schema\\\/person\\\/6ed0856fe3f6d3a2366d7469668cd0bf\",\"name\":\"Claudia Wasmer\"}]}<\/script>\n<!-- \/ Yoast SEO plugin. -->","yoast_head_json":{"title":"Wenn der Husten kommt: Alles \u00fcber die akute Bronchitis | silberFuchs","description":"In diesem Artikel erf\u00e4hrst du alles \u00fcber die akute Bronchitis, von Ratschl\u00e4gen bei Husten bis zur Pr\u00e4vention \u25ba Jetzt lesen und wieder klar atmen!","robots":{"index":"index","follow":"follow","max-snippet":"max-snippet:-1","max-image-preview":"max-image-preview:large","max-video-preview":"max-video-preview:-1"},"canonical":"https:\/\/www.adullam.ch\/magazin\/wenn-der-husten-kommt-alles-ueber-die-akute-bronchitis\/","og_locale":"de_DE","og_type":"article","og_title":"Wenn der Husten kommt: Alles \u00fcber die akute Bronchitis | silberFuchs","og_description":"In diesem Artikel erf\u00e4hrst du alles \u00fcber die akute Bronchitis, von Ratschl\u00e4gen bei Husten bis zur Pr\u00e4vention \u25ba Jetzt lesen und wieder klar atmen!","og_url":"https:\/\/www.adullam.ch\/magazin\/wenn-der-husten-kommt-alles-ueber-die-akute-bronchitis\/","og_site_name":"silberFuchs","article_published_time":"2025-01-17T08:20:17+00:00","article_modified_time":"2025-01-17T12:42:22+00:00","og_image":[{"width":800,"height":450,"url":"https:\/\/www.adullam.ch\/magazin\/wp-content\/uploads\/2024\/02\/Bronchitis.png","type":"image\/png"}],"author":"Claudia Wasmer","twitter_card":"summary_large_image","twitter_misc":{"Geschrieben von":"Claudia Wasmer","Gesch\u00e4tzte Lesezeit":"5\u00a0Minuten"},"schema":{"@context":"https:\/\/schema.org","@graph":[{"@type":"Article","@id":"https:\/\/www.adullam.ch\/magazin\/wenn-der-husten-kommt-alles-ueber-die-akute-bronchitis\/#article","isPartOf":{"@id":"https:\/\/www.adullam.ch\/magazin\/wenn-der-husten-kommt-alles-ueber-die-akute-bronchitis\/"},"author":{"name":"Claudia Wasmer","@id":"https:\/\/www.adullam.ch\/magazin\/#\/schema\/person\/6ed0856fe3f6d3a2366d7469668cd0bf"},"headline":"Wenn der Husten kommt: Alles \u00fcber die akute Bronchitis","datePublished":"2025-01-17T08:20:17+00:00","dateModified":"2025-01-17T12:42:22+00:00","mainEntityOfPage":{"@id":"https:\/\/www.adullam.ch\/magazin\/wenn-der-husten-kommt-alles-ueber-die-akute-bronchitis\/"},"wordCount":1015,"commentCount":0,"publisher":{"@id":"https:\/\/www.adullam.ch\/magazin\/#organization"},"image":{"@id":"https:\/\/www.adullam.ch\/magazin\/wenn-der-husten-kommt-alles-ueber-die-akute-bronchitis\/#primaryimage"},"thumbnailUrl":"https:\/\/www.adullam.ch\/magazin\/wp-content\/uploads\/2024\/02\/Bronchitis.png","articleSection":["Medizin &amp; Gesundheit","Startseite"],"inLanguage":"de-CH","potentialAction":[{"@type":"CommentAction","name":"Comment","target":["https:\/\/www.adullam.ch\/magazin\/wenn-der-husten-kommt-alles-ueber-die-akute-bronchitis\/#respond"]}]},{"@type":"WebPage","@id":"https:\/\/www.adullam.ch\/magazin\/wenn-der-husten-kommt-alles-ueber-die-akute-bronchitis\/","url":"https:\/\/www.adullam.ch\/magazin\/wenn-der-husten-kommt-alles-ueber-die-akute-bronchitis\/","name":"Wenn der Husten kommt: Alles \u00fcber die akute Bronchitis | silberFuchs","isPartOf":{"@id":"https:\/\/www.adullam.ch\/magazin\/#website"},"primaryImageOfPage":{"@id":"https:\/\/www.adullam.ch\/magazin\/wenn-der-husten-kommt-alles-ueber-die-akute-bronchitis\/#primaryimage"},"image":{"@id":"https:\/\/www.adullam.ch\/magazin\/wenn-der-husten-kommt-alles-ueber-die-akute-bronchitis\/#primaryimage"},"thumbnailUrl":"https:\/\/www.adullam.ch\/magazin\/wp-content\/uploads\/2024\/02\/Bronchitis.png","datePublished":"2025-01-17T08:20:17+00:00","dateModified":"2025-01-17T12:42:22+00:00","description":"In diesem Artikel erf\u00e4hrst du alles \u00fcber die akute Bronchitis, von Ratschl\u00e4gen bei Husten bis zur Pr\u00e4vention \u25ba Jetzt lesen und wieder klar atmen!","breadcrumb":{"@id":"https:\/\/www.adullam.ch\/magazin\/wenn-der-husten-kommt-alles-ueber-die-akute-bronchitis\/#breadcrumb"},"inLanguage":"de-CH","potentialAction":[{"@type":"ReadAction","target":["https:\/\/www.adullam.ch\/magazin\/wenn-der-husten-kommt-alles-ueber-die-akute-bronchitis\/"]}]},{"@type":"ImageObject","inLanguage":"de-CH","@id":"https:\/\/www.adullam.ch\/magazin\/wenn-der-husten-kommt-alles-ueber-die-akute-bronchitis\/#primaryimage","url":"https:\/\/www.adullam.ch\/magazin\/wp-content\/uploads\/2024\/02\/Bronchitis.png","contentUrl":"https:\/\/www.adullam.ch\/magazin\/wp-content\/uploads\/2024\/02\/Bronchitis.png","width":800,"height":450,"caption":"\u00c4lterer Mann sitzt in einer Decke mit einem Becher Tee auf dem Sofa"},{"@type":"BreadcrumbList","@id":"https:\/\/www.adullam.ch\/magazin\/wenn-der-husten-kommt-alles-ueber-die-akute-bronchitis\/#breadcrumb","itemListElement":[{"@type":"ListItem","position":1,"name":"Startseite","item":"https:\/\/www.adullam.ch\/magazin\/"},{"@type":"ListItem","position":2,"name":"Wenn der Husten kommt: Alles \u00fcber die akute Bronchitis"}]},{"@type":"WebSite","@id":"https:\/\/www.adullam.ch\/magazin\/#website","url":"https:\/\/www.adullam.ch\/magazin\/","name":"silberFuchs","description":"Das Online-Magazin der Adullam Spit\u00e4ler und Pflegezentren","publisher":{"@id":"https:\/\/www.adullam.ch\/magazin\/#organization"},"potentialAction":[{"@type":"SearchAction","target":{"@type":"EntryPoint","urlTemplate":"https:\/\/www.adullam.ch\/magazin\/?s={search_term_string}"},"query-input":{"@type":"PropertyValueSpecification","valueRequired":true,"valueName":"search_term_string"}}],"inLanguage":"de-CH"},{"@type":"Organization","@id":"https:\/\/www.adullam.ch\/magazin\/#organization","name":"silverFuchs","alternateName":"Magazin von Adullam","url":"https:\/\/www.adullam.ch\/magazin\/","logo":{"@type":"ImageObject","inLanguage":"de-CH","@id":"https:\/\/www.adullam.ch\/magazin\/#\/schema\/logo\/image\/","url":"https:\/\/www.adullam.ch\/magazin\/wp-content\/uploads\/2023\/08\/cropped-silberFuchs_Favicon.png","contentUrl":"https:\/\/www.adullam.ch\/magazin\/wp-content\/uploads\/2023\/08\/cropped-silberFuchs_Favicon.png","width":512,"height":512,"caption":"silverFuchs"},"image":{"@id":"https:\/\/www.adullam.ch\/magazin\/#\/schema\/logo\/image\/"}},{"@type":"Person","@id":"https:\/\/www.adullam.ch\/magazin\/#\/schema\/person\/6ed0856fe3f6d3a2366d7469668cd0bf","name":"Claudia Wasmer"}]}},"_links":{"self":[{"href":"https:\/\/www.adullam.ch\/magazin\/wp-json\/wp\/v2\/posts\/3947","targetHints":{"allow":["GET"]}}],"collection":[{"href":"https:\/\/www.adullam.ch\/magazin\/wp-json\/wp\/v2\/posts"}],"about":[{"href":"https:\/\/www.adullam.ch\/magazin\/wp-json\/wp\/v2\/types\/post"}],"author":[{"embeddable":true,"href":"https:\/\/www.adullam.ch\/magazin\/wp-json\/wp\/v2\/users\/3"}],"replies":[{"embeddable":true,"href":"https:\/\/www.adullam.ch\/magazin\/wp-json\/wp\/v2\/comments?post=3947"}],"version-history":[{"count":18,"href":"https:\/\/www.adullam.ch\/magazin\/wp-json\/wp\/v2\/posts\/3947\/revisions"}],"predecessor-version":[{"id":8614,"href":"https:\/\/www.adullam.ch\/magazin\/wp-json\/wp\/v2\/posts\/3947\/revisions\/8614"}],"wp:featuredmedia":[{"embeddable":true,"href":"https:\/\/www.adullam.ch\/magazin\/wp-json\/wp\/v2\/media\/3954"}],"wp:attachment":[{"href":"https:\/\/www.adullam.ch\/magazin\/wp-json\/wp\/v2\/media?parent=3947"}],"wp:term":[{"taxonomy":"category","embeddable":true,"href":"https:\/\/www.adullam.ch\/magazin\/wp-json\/wp\/v2\/categories?post=3947"},{"taxonomy":"post_tag","embeddable":true,"href":"https:\/\/www.adullam.ch\/magazin\/wp-json\/wp\/v2\/tags?post=3947"}],"curies":[{"name":"wp","href":"https:\/\/api.w.org\/{rel}","templated":true}]}}