{"id":6049,"date":"2024-08-07T07:30:53","date_gmt":"2024-08-07T05:30:53","guid":{"rendered":"https:\/\/www.adullam.ch\/magazin\/?p=6049"},"modified":"2024-08-07T14:24:08","modified_gmt":"2024-08-07T12:24:08","slug":"jenseits-der-angst-umgang-mit-dem-tod-im-lebensabend","status":"publish","type":"post","link":"https:\/\/www.adullam.ch\/magazin\/jenseits-der-angst-umgang-mit-dem-tod-im-lebensabend\/","title":{"rendered":"Jenseits der Angst: Umgang mit dem Tod im Lebensabend"},"content":{"rendered":"<p>[et_pb_section fb_built=&#187;1&#8243; _builder_version=&#187;4.21.0&#8243; _module_preset=&#187;default&#187; global_colors_info=&#187;{}&#187;][et_pb_row _builder_version=&#187;4.21.0&#8243; _module_preset=&#187;default&#187; global_colors_info=&#187;{}&#187;][et_pb_column type=&#187;4_4&#8243; _builder_version=&#187;4.21.0&#8243; _module_preset=&#187;default&#187; global_colors_info=&#187;{}&#187;][et_pb_text admin_label=&#187;Einleitung&#187; module_class=&#187;lauftext textinitial&#187; _builder_version=&#187;4.21.0&#8243; _module_preset=&#187;default&#187; hover_enabled=&#187;0&#8243; text_orientation_tablet=&#187;left&#187; text_orientation_phone=&#187;left&#187; text_orientation_last_edited=&#187;off|desktop&#187; global_colors_info=&#187;{}&#187; sticky_enabled=&#187;0&#8243;]<\/p>\n<h2>Mit dem fortschreitenden Alter r\u00fcckt auch das Thema Tod n\u00e4her. Trotz des sich nahenden Tods gehen \u00e4ltere Menschen h\u00e4ufig sehr gelassen mit der Endlichkeit um. Warum das so ist und wie verschiedene Strategien helfen k\u00f6nnen, die Angst vor dem Tod zu mildern, erfahren Sie in diesem Artikel.<\/h2>\n<div>\n<p>Mit dem \u00c4lterwerden treten viele Ver\u00e4nderungen in unser Leben; darunter auch ein gesteigertes Bewusstsein f\u00fcr Themen, die wir m\u00f6glicherweise lange Zeit vermieden haben. Eines dieser Themen ist der Umgang mit dem eigenen Tod. Diese tief verwurzelte menschliche Erfahrung begleitet uns ein Leben lang und erh\u00e4lt im Alter gezwungenermassen eine noch gr\u00f6ssere Bedeutung.<\/p>\n<p>Es ist eine ironische Wahrheit, dass j\u00fcngere Menschen oft mehr Angst vor dem Tod haben als \u00e4ltere. Mit den Jahren scheint sich bei vielen Menschen eine Gelassenheit oder sogar Akzeptanz bez\u00fcglich der eigenen Endlichkeit einzustellen. Dennoch bleibt die Furcht vor dem Sterben und die Unsicherheit dar\u00fcber, was nach dem Leben kommt, ein zentrales Thema, das uns Menschen besch\u00e4ftigt.<\/p>\n<\/div>\n<p>[\/et_pb_text][et_pb_text admin_label=&#187;Mehr als nur das Ende des Lebens&#187; module_class=&#187;lauftext&#187; _builder_version=&#187;4.21.0&#8243; _module_preset=&#187;default&#187; text_orientation=&#187;justified&#187; text_orientation_tablet=&#187;left&#187; text_orientation_phone=&#187;left&#187; text_orientation_last_edited=&#187;on|desktop&#187; global_colors_info=&#187;{}&#187;]<\/p>\n<h2>Mehr als nur das Ende des Lebens<\/h2>\n<p>Die Angst vor dem Tod geht oft \u00fcber die blosse Furcht vor dem physischen Sterben hinaus. Es ist die Angst vor dem Unbekannten und vor dem Verlust des Selbst, die uns besonders beunruhigt. Philosophen wie S\u00f8ren Kierkegaard haben betont, dass es nicht der Tod an sich ist, der uns \u00e4ngstigt, sondern die Vorstellung, in die Bedeutungslosigkeit zu verfallen \u2013 ins Nichts zu verschwinden.[\/et_pb_text][et_pb_text admin_label=&#187;Was beeinflusst unsere Angst vor dem Sterben?&#187; module_class=&#187;lauftext&#187; _builder_version=&#187;4.21.0&#8243; _module_preset=&#187;default&#187; text_orientation=&#187;justified&#187; text_orientation_tablet=&#187;left&#187; text_orientation_phone=&#187;left&#187; text_orientation_last_edited=&#187;on|desktop&#187; global_colors_info=&#187;{}&#187;]<\/p>\n<h2>Was beeinflusst unsere Angst vor dem Sterben?<\/h2>\n<div>\n<p>Die Intensit\u00e4t der Todesangst variiert stark nach pers\u00f6nlichen Umst\u00e4nden: Menschen mit psychischen Erkrankungen, besonders Angst- und Zwangsst\u00f6rungen, k\u00e4mpfen oft besonders stark mit der Angst vor dem Tod. Studien zeigen, dass diese Angst ihre Symptome versch\u00e4rfen kann und dann teilweise in R\u00fcckzug oder Zwangshandlungen m\u00fcndet. Die enge Verbindung zwischen psychischen St\u00f6rungen und der Todesangst zeigt sich deutlich in der verst\u00e4rkten Symptomatik bei Konfrontation mit dem Thema <em>Tod<\/em>.<\/p>\n<p>Auch k\u00f6rperliche Krankheiten haben einen Einfluss auf die Todesangst: Forschungsergebnisse zeigen, dass bei unheilbar Kranken die N\u00e4he des Todes die Furcht davor zu mildern scheint. Dies liegt wom\u00f6glich daran, dass Menschen mit einer lebensbedrohlichen Erkrankung oft eine intensive Auseinandersetzung mit dem Thema <em>Sterblichkeit<\/em> durchlaufen, was wiederrum ihre Einstellung zum Tod stark beeinflusst.<\/p>\n<\/div>\n<p>[\/et_pb_text][et_pb_text admin_label=&#187;Das Alter und der Umgang mit dem Tod&#187; module_class=&#187;lauftext&#187; _builder_version=&#187;4.21.0&#8243; _module_preset=&#187;default&#187; text_orientation=&#187;justified&#187; text_orientation_tablet=&#187;left&#187; text_orientation_phone=&#187;left&#187; text_orientation_last_edited=&#187;on|desktop&#187; global_colors_info=&#187;{}&#187;]<\/p>\n<h2>Das Alter und der Umgang mit dem Tod<\/h2>\n<div>\n<div>\n<p>Eine Erkenntnis aus Studien der Universit\u00e4t Heidelberg zur Einstellung \u00e4lterer Menschen zum Tod besagt, dass \u00e4ltere Menschen h\u00e4ufig weniger Angst vor dem Sterben zu haben scheinen als j\u00fcngere. Dabei zeigte sich, dass mit zunehmendem Alter eine wachsende Akzeptanz und Gelassenheit bez\u00fcglich des Todes eintritt.<\/p>\n<\/div>\n<\/div>\n<p>[\/et_pb_text][\/et_pb_column][\/et_pb_row][et_pb_row column_structure=&#187;1_2,1_2&#8243; _builder_version=&#187;4.21.0&#8243; _module_preset=&#187;default&#187; global_colors_info=&#187;{}&#187;][et_pb_column type=&#187;1_2&#8243; _builder_version=&#187;4.21.0&#8243; _module_preset=&#187;default&#187; global_colors_info=&#187;{}&#187;][et_pb_text admin_label=&#187;Das Alter und der Umgang mit dem Tod&#187; module_class=&#187;lauftext&#187; _builder_version=&#187;4.21.0&#8243; _module_preset=&#187;default&#187; text_orientation=&#187;justified&#187; text_orientation_tablet=&#187;left&#187; text_orientation_phone=&#187;left&#187; text_orientation_last_edited=&#187;on|desktop&#187; global_colors_info=&#187;{}&#187;]<\/p>\n<div>\n<div>\n<p>Diese Entwicklung wirft interessante Fragen dazu auf, wie sich unsere Sichtweise auf das Leben und den Tod im Laufe der Zeit ver\u00e4ndert. Mit den Jahren stellt sich oft eine gr\u00f6ssere Akzeptanz und Ruhe bez\u00fcglich des Todes ein. Die Studie aus Heidelberg best\u00e4tigt diesen Trend: \u00c4ltere Menschen neigen dazu, sich st\u00e4rker auf das Positive im Leben zu konzentrieren und ihre \u00c4ngste vor dem Tod zu verringern. Dieser Prozess des \u00c4lterwerdens erm\u00f6glicht es vielen Menschen, sich mit ihrer Endlichkeit zu vers\u00f6hnen und eine tiefere Perspektive auf das Leben zu gewinnen.<\/p>\n<\/div>\n<\/div>\n<p>[\/et_pb_text][\/et_pb_column][et_pb_column type=&#187;1_2&#8243; _builder_version=&#187;4.21.0&#8243; _module_preset=&#187;default&#187; global_colors_info=&#187;{}&#187;][et_pb_blurb use_icon=&#187;on&#187; font_icon=&#187;&#xf0c1;||fa||900&#8243; image_icon_width=&#187;50px&#187; icon_alignment=&#187;left&#187; content_max_width=&#187;1100px&#187; admin_label=&#187;Link Studie&#187; module_class=&#187;linksbox&#187; _builder_version=&#187;4.21.0&#8243; _module_preset=&#187;default&#187; header_level=&#187;h2&#8243; header_font=&#187;||||||||&#187; body_font=&#187;Gupter||||||||&#187; body_font_size=&#187;24px&#187; background_color=&#187;gcid-6c3495d3-ec07-4663-b383-3af846586beb&#187; custom_padding=&#187;15px|15px|15px|15px|true|true&#187; global_colors_info=&#187;{%22gcid-6c3495d3-ec07-4663-b383-3af846586beb%22:%91%22background_color%22%93}&#187;]Ortrun, Reidick (2013):\u00a0<a href=\"http:\/\/www.ub.uni-heidelberg.de\/archiv\/15563\" target=\"_blank\" rel=\"noopener\"><em>Einstellungen zu Sterben und Tod bei Hochaltrigen: Die Rolle von Pers\u00f6nlichkeit, Gesundheit und Religiosit\u00e4t<\/em>.<\/a> Dissertation an der Universit\u00e4t Heidelberg. Fakult\u00e4t f\u00fcr Verhaltens- und Empirische Kulturwissenschaften. Psychologisches Institut: Heidelberg.[\/et_pb_blurb][\/et_pb_column][\/et_pb_row][et_pb_row _builder_version=&#187;4.21.0&#8243; _module_preset=&#187;default&#187; global_colors_info=&#187;{}&#187;][et_pb_column type=&#187;4_4&#8243; _builder_version=&#187;4.21.0&#8243; _module_preset=&#187;default&#187; global_colors_info=&#187;{}&#187;][et_pb_text admin_label=&#187;Glaube und spirituelle \u00dcberzeugung&#187; module_class=&#187;lauftext&#187; _builder_version=&#187;4.21.0&#8243; _module_preset=&#187;default&#187; text_orientation=&#187;justified&#187; text_orientation_tablet=&#187;left&#187; text_orientation_phone=&#187;left&#187; text_orientation_last_edited=&#187;on|desktop&#187; global_colors_info=&#187;{}&#187;]<\/p>\n<h2>Glaube und spirituelle \u00dcberzeugungen<\/h2>\n<div>Der Glaube an eine h\u00f6here Macht kann Menschen helfen, mit der Angst vor dem Tod umzugehen. Spirituelle \u00dcberzeugungen bieten oft Trost und Gelassenheit, aber sie k\u00f6nnen auch zu inneren Konflikten f\u00fchren \u2013 besonders, wenn man mit einer lebensbedrohlichen Krankheit konfrontiert ist. Die Vorstellung von einem Leben nach dem Tod oder einer Wiedergeburt, kann die Angst vor dem Sterben erheblich mildern und zu einer positiven Einstellung gegen\u00fcber dem Ende des Lebens f\u00fchren.<\/div>\n<p>[\/et_pb_text][et_pb_text admin_label=&#187;Philosophische und religi\u00f6se Perspektiven&#187; module_class=&#187;lauftext&#187; _builder_version=&#187;4.21.0&#8243; _module_preset=&#187;default&#187; text_orientation=&#187;justified&#187; text_orientation_tablet=&#187;left&#187; text_orientation_phone=&#187;left&#187; text_orientation_last_edited=&#187;on|desktop&#187; global_colors_info=&#187;{}&#187;]<\/p>\n<h2>Philosophische und religi\u00f6se Perspektiven<\/h2>\n<div>Verschiedene Religionen und philosophische Ans\u00e4tze bieten unterschiedliche Erkl\u00e4rungsmodelle f\u00fcr den Tod und das Leben danach. W\u00e4hrend einige an ein Jenseits mit Belohnungen oder Strafen glauben, betrachten andere den Tod als etwas Bedeutungsloses, da er ausserhalb unserer Existenz liegt. Philosophen wie Platon und moderne Denker wie <a href=\"https:\/\/www.britannica.com\/biography\/Bernard-Williams\" target=\"_blank\" rel=\"noopener\">Bernard Williams<\/a> haben kontrovers diskutiert, ob der Tod als \u00dcbel anzusehen ist oder ob er das Leben erst sinnvoll macht.<\/div>\n<p>[\/et_pb_text][\/et_pb_column][\/et_pb_row][et_pb_row column_structure=&#187;1_2,1_2&#8243; _builder_version=&#187;4.21.0&#8243; _module_preset=&#187;default&#187; global_colors_info=&#187;{}&#187;][et_pb_column type=&#187;1_2&#8243; _builder_version=&#187;4.21.0&#8243; _module_preset=&#187;default&#187; global_colors_info=&#187;{}&#187;][et_pb_text admin_label=&#187;Der Angst begegnen&#187; module_class=&#187;lauftext&#187; _builder_version=&#187;4.21.0&#8243; _module_preset=&#187;default&#187; text_orientation=&#187;justified&#187; text_orientation_tablet=&#187;left&#187; text_orientation_phone=&#187;left&#187; text_orientation_last_edited=&#187;on|desktop&#187; global_colors_info=&#187;{}&#187;]<\/p>\n<h2>Der Angst begegnen: Die bewusste Auseinandersetzung mit dem eigenen Tod<\/h2>\n<div>\n<div>\n<p>Die Auseinandersetzung mit dem eigenen Tod ist eine der anspruchsvollsten Aufgaben, der wir uns stellen m\u00fcssen. Die Kontrolle loszulassen, sei es \u00fcber materielle G\u00fcter, Gedanken oder unser individuelles Bewusstsein, stellt eine Herausforderung dar, die oft schon zu Lebzeiten schwerf\u00e4llt. Dieses Loslassen zu \u00fcben, kann jedoch eine wertvolle Vorbereitung auf den Moment sein, in dem wir nicht nur unsere physische Existenz, sondern auch unser Leben mit all seinen Facetten hinter uns lassen m\u00fcssen.<\/p>\n<\/div>\n<\/div>\n<p>[\/et_pb_text][\/et_pb_column][et_pb_column type=&#187;1_2&#8243; _builder_version=&#187;4.21.0&#8243; _module_preset=&#187;default&#187; global_colors_info=&#187;{}&#187;][et_pb_blurb title=&#187;F\u00fcr interessierte Leser&#187; use_icon=&#187;on&#187; font_icon=&#187;&#xf0c1;||fa||900&#8243; image_icon_width=&#187;50px&#187; icon_alignment=&#187;left&#187; content_max_width=&#187;1100px&#187; admin_label=&#187;Verlinkung mehr Infos&#187; module_class=&#187;linksbox&#187; _builder_version=&#187;4.21.0&#8243; _module_preset=&#187;default&#187; header_level=&#187;h2&#8243; header_font=&#187;||||||||&#187; body_font=&#187;Gupter||||||||&#187; body_font_size=&#187;24px&#187; background_color=&#187;gcid-6c3495d3-ec07-4663-b383-3af846586beb&#187; custom_padding=&#187;15px|15px|15px|15px|true|true&#187; global_colors_info=&#187;{%22gcid-6c3495d3-ec07-4663-b383-3af846586beb%22:%91%22background_color%22%93}&#187;]Sternstunde Philosophie SRF: <em><a href=\"https:\/\/www.youtube.com\/watch?v=y2j59hrlZh8\" target=\"_blank\" rel=\"noopener\">Susanne Burri: Warum f\u00fcrchten wir uns vor dem Tod?<\/a>&#8211; 05.12.2022<br \/>\n<\/em><\/p>\n<p>Deutschlandfunk Nova:<em><a href=\"https:\/\/www.deutschlandfunknova.de\/beitrag\/philosophie-vom-segen-und-fluch-der-unsterblichkeit\" target=\"_blank\" rel=\"noopener\"> Vom Segen und Fluch der Unsterblichkeit<\/a> \u2013 30.09.2018<\/em>[\/et_pb_blurb][\/et_pb_column][\/et_pb_row][et_pb_row _builder_version=&#187;4.21.0&#8243; _module_preset=&#187;default&#187; global_colors_info=&#187;{}&#187;][et_pb_column type=&#187;4_4&#8243; _builder_version=&#187;4.21.0&#8243; _module_preset=&#187;default&#187; global_colors_info=&#187;{}&#187;][et_pb_text admin_label=&#187;Der Angst begegnen&#187; module_class=&#187;lauftext&#187; _builder_version=&#187;4.21.0&#8243; _module_preset=&#187;default&#187; text_orientation=&#187;justified&#187; text_orientation_tablet=&#187;left&#187; text_orientation_phone=&#187;left&#187; text_orientation_last_edited=&#187;on|desktop&#187; global_colors_info=&#187;{}&#187;]<a href=\"https:\/\/www.angst-morschitzky.com\/\" target=\"_blank\" rel=\"noopener\">Hans Morschitzky<\/a>, klinischer Psychologe und Psychotherapeut, betont die Bedeutung, die eigene Todesangst zu akzeptieren und anzunehmen. Dabei gibt es unterschiedliche Strategien, je nachdem, woher die Angst spezifisch r\u00fchrt:<\/p>\n<ul>\n<li><strong>Gegen die Angst vor dem Sterben: <\/strong>Eine Patientenverf\u00fcgung, die pr\u00e4zise festlegt, welche Pflegemassnahmen und Behandlungen im Fall einer schweren Erkrankung gew\u00fcnscht oder nicht gew\u00fcnscht sind, kann enorme Sicherheit bieten. Diese rechtlichen Dokumente geben sowohl Angeh\u00f6rigen als auch behandelnden \u00c4rzten klare Anweisungen und minimieren das Gef\u00fchl des Kontrollverlusts.<\/li>\n<li><strong>Gegen die Angst vor dem Nichts: <\/strong>Menschen, die sich vor dem Gedanken an das Nichtsein f\u00fcrchten, finden oft durch spirituelle Praktiken wie Meditation, Yoga oder religi\u00f6se Glaubenssysteme Trost. Diese Praktiken helfen dabei, sich bewusst mit dem eigenen Tod auseinanderzusetzen und eine tiefere spirituelle Verbundenheit zu entwickeln. Dabei spielen der Glaube an eine h\u00f6here Macht oder an eine Wiedergeburt weniger eine Rolle als vielmehr das Ziel, eine innere Ruhe zu finden und das Leben im Kontext einer gr\u00f6sseren, spirituellen Ordnung zu betrachten.<\/li>\n<li><strong>Spiritualit\u00e4t als Weg: <\/strong>Die \u00dcberzeugung, dass alles im Leben einen sinnvollen Platz hat, und die Offenheit f\u00fcr transzendente Erfahrungen k\u00f6nnen dabei helfen, den Tod als Teil des universellen Zusammenhangs anzunehmen. Dieses tiefere Verst\u00e4ndnis von Verbundenheit und die Erforschung des Bewusstseins tragen dazu bei, die eigene Endlichkeit mit einer gr\u00f6sseren Gelassenheit zu betrachten.<\/li>\n<li><strong>Die Angst, nicht gut gelebt zu haben: <\/strong>Eine bewusste Lebensf\u00fchrung und regelm\u00e4ssige Selbstreflexion sind entscheidend, um \u00c4ngste zu bew\u00e4ltigen, die aus dem Gef\u00fchl resultieren k\u00f6nnen, das Leben nicht optimal gelebt zu haben. T\u00e4gliche Rituale wie das F\u00fchren eines Journals, das Festhalten von Gedanken und Zielen sowie die regelm\u00e4ssige \u00dcberpr\u00fcfung der eigenen Lebensf\u00fchrung k\u00f6nnen dabei unterst\u00fctzen, das Leben bewusster und erf\u00fcllter zu gestalten.<\/li>\n<\/ul>\n<p>[\/et_pb_text][et_pb_text admin_label=&#187;Die Zeit nutzen, die bleibt&#187; module_class=&#187;lauftext&#187; _builder_version=&#187;4.21.0&#8243; _module_preset=&#187;default&#187; text_orientation=&#187;justified&#187; text_orientation_tablet=&#187;left&#187; text_orientation_phone=&#187;left&#187; text_orientation_last_edited=&#187;on|desktop&#187; global_colors_info=&#187;{}&#187;]<\/p>\n<h2>Die Zeit nutzen, die bleibt<\/h2>\n<div>\n<div><\/div>\n<div>Unsere Recherchen machen uns deutlich, dass es darum geht, eine Balance zu finden zwischen der Realit\u00e4t unserer Sterblichkeit und der Art und Weise, wie wir unser Leben f\u00fchren m\u00f6chten. Indem wir uns aktiv mit unserem Tod auseinandersetzen und unsere \u00c4ngste verstehen, k\u00f6nnen wir einen tieferen Sinn f\u00fcr unser Dasein entwickeln und uns darauf vorbereiten, selbstbestimmt und erf\u00fcllt zu leben, solange es uns gegeben ist.<\/div>\n<\/div>\n<p>[\/et_pb_text][et_pb_text module_class=&#187;lauftext&#187; _builder_version=&#187;4.21.0&#8243; _module_preset=&#187;default&#187; text_orientation=&#187;justified&#187; global_colors_info=&#187;{}&#187;]<\/p>\n<h2><a href=\"https:\/\/www.adullam.ch\/magazin\/redaktion\/\" target=\"_blank\" rel=\"noopener\">(SR)<\/a><\/h2>\n<p>&nbsp;[\/et_pb_text][\/et_pb_column][\/et_pb_row][\/et_pb_section]<\/p>\n","protected":false},"excerpt":{"rendered":"<p>Mit dem fortschreitenden Alter r\u00fcckt auch das Thema Tod n\u00e4her. Trotz des sich nahenden Tods gehen \u00e4ltere Menschen h\u00e4ufig sehr gelassen mit der Endlichkeit um. Warum das so ist und wie verschiedene Strategien helfen k\u00f6nnen, die Angst vor dem Tod zu mildern, erfahren Sie in diesem Artikel.<\/p>\n","protected":false},"author":3,"featured_media":6153,"comment_status":"open","ping_status":"open","sticky":false,"template":"","format":"standard","meta":{"_et_pb_use_builder":"on","_et_pb_old_content":"","_et_gb_content_width":"","footnotes":""},"categories":[8,15],"tags":[],"class_list":["post-6049","post","type-post","status-publish","format-standard","has-post-thumbnail","hentry","category-genussvollleben","category-startseite"],"acf":[],"yoast_head":"<!-- This site is optimized with the Yoast SEO plugin v27.5 - https:\/\/yoast.com\/product\/yoast-seo-wordpress\/ -->\n<title>Jenseits der Angst: Umgang mit dem Tod im Lebensabend | silberFuchs<\/title>\n<meta name=\"description\" content=\"Trotz des sich nahenden Tods gehen \u00e4ltere Menschen h\u00e4ufig sehr gelassen mit der Endlichkeit um. Warum das so ist, erfahren Sie in unserem Artikel.\" \/>\n<meta name=\"robots\" content=\"index, follow, max-snippet:-1, max-image-preview:large, max-video-preview:-1\" \/>\n<link rel=\"canonical\" href=\"https:\/\/www.adullam.ch\/magazin\/jenseits-der-angst-umgang-mit-dem-tod-im-lebensabend\/\" \/>\n<meta property=\"og:locale\" content=\"de_DE\" \/>\n<meta property=\"og:type\" content=\"article\" \/>\n<meta property=\"og:title\" content=\"Jenseits der Angst: Umgang mit dem Tod im Lebensabend | silberFuchs\" \/>\n<meta property=\"og:description\" content=\"Trotz des sich nahenden Tods gehen \u00e4ltere Menschen h\u00e4ufig sehr gelassen mit der Endlichkeit um. Warum das so ist, erfahren Sie in unserem Artikel.\" \/>\n<meta property=\"og:url\" content=\"https:\/\/www.adullam.ch\/magazin\/jenseits-der-angst-umgang-mit-dem-tod-im-lebensabend\/\" \/>\n<meta property=\"og:site_name\" content=\"silberFuchs\" \/>\n<meta property=\"article:published_time\" content=\"2024-08-07T05:30:53+00:00\" \/>\n<meta property=\"article:modified_time\" content=\"2024-08-07T12:24:08+00:00\" \/>\n<meta property=\"og:image\" content=\"https:\/\/www.adullam.ch\/magazin\/wp-content\/uploads\/2024\/08\/Angst-vor-dem-Tod.jpg\" \/>\n\t<meta property=\"og:image:width\" content=\"800\" \/>\n\t<meta property=\"og:image:height\" content=\"450\" \/>\n\t<meta property=\"og:image:type\" content=\"image\/jpeg\" \/>\n<meta name=\"author\" content=\"Claudia Wasmer\" \/>\n<meta name=\"twitter:card\" content=\"summary_large_image\" \/>\n<meta name=\"twitter:label1\" content=\"Geschrieben von\" \/>\n\t<meta name=\"twitter:data1\" content=\"Claudia Wasmer\" \/>\n\t<meta name=\"twitter:label2\" content=\"Gesch\u00e4tzte Lesezeit\" \/>\n\t<meta name=\"twitter:data2\" content=\"10\u00a0Minuten\" \/>\n<script type=\"application\/ld+json\" class=\"yoast-schema-graph\">{\"@context\":\"https:\\\/\\\/schema.org\",\"@graph\":[{\"@type\":\"Article\",\"@id\":\"https:\\\/\\\/www.adullam.ch\\\/magazin\\\/jenseits-der-angst-umgang-mit-dem-tod-im-lebensabend\\\/#article\",\"isPartOf\":{\"@id\":\"https:\\\/\\\/www.adullam.ch\\\/magazin\\\/jenseits-der-angst-umgang-mit-dem-tod-im-lebensabend\\\/\"},\"author\":{\"name\":\"Claudia Wasmer\",\"@id\":\"https:\\\/\\\/www.adullam.ch\\\/magazin\\\/#\\\/schema\\\/person\\\/6ed0856fe3f6d3a2366d7469668cd0bf\"},\"headline\":\"Jenseits der Angst: Umgang mit dem Tod im Lebensabend\",\"datePublished\":\"2024-08-07T05:30:53+00:00\",\"dateModified\":\"2024-08-07T12:24:08+00:00\",\"mainEntityOfPage\":{\"@id\":\"https:\\\/\\\/www.adullam.ch\\\/magazin\\\/jenseits-der-angst-umgang-mit-dem-tod-im-lebensabend\\\/\"},\"wordCount\":2008,\"commentCount\":0,\"publisher\":{\"@id\":\"https:\\\/\\\/www.adullam.ch\\\/magazin\\\/#organization\"},\"image\":{\"@id\":\"https:\\\/\\\/www.adullam.ch\\\/magazin\\\/jenseits-der-angst-umgang-mit-dem-tod-im-lebensabend\\\/#primaryimage\"},\"thumbnailUrl\":\"https:\\\/\\\/www.adullam.ch\\\/magazin\\\/wp-content\\\/uploads\\\/2024\\\/08\\\/Angst-vor-dem-Tod.jpg\",\"articleSection\":[\"Gesellschaft &amp; Freizeit\",\"Startseite\"],\"inLanguage\":\"de-CH\",\"potentialAction\":[{\"@type\":\"CommentAction\",\"name\":\"Comment\",\"target\":[\"https:\\\/\\\/www.adullam.ch\\\/magazin\\\/jenseits-der-angst-umgang-mit-dem-tod-im-lebensabend\\\/#respond\"]}]},{\"@type\":\"WebPage\",\"@id\":\"https:\\\/\\\/www.adullam.ch\\\/magazin\\\/jenseits-der-angst-umgang-mit-dem-tod-im-lebensabend\\\/\",\"url\":\"https:\\\/\\\/www.adullam.ch\\\/magazin\\\/jenseits-der-angst-umgang-mit-dem-tod-im-lebensabend\\\/\",\"name\":\"Jenseits der Angst: Umgang mit dem Tod im Lebensabend | silberFuchs\",\"isPartOf\":{\"@id\":\"https:\\\/\\\/www.adullam.ch\\\/magazin\\\/#website\"},\"primaryImageOfPage\":{\"@id\":\"https:\\\/\\\/www.adullam.ch\\\/magazin\\\/jenseits-der-angst-umgang-mit-dem-tod-im-lebensabend\\\/#primaryimage\"},\"image\":{\"@id\":\"https:\\\/\\\/www.adullam.ch\\\/magazin\\\/jenseits-der-angst-umgang-mit-dem-tod-im-lebensabend\\\/#primaryimage\"},\"thumbnailUrl\":\"https:\\\/\\\/www.adullam.ch\\\/magazin\\\/wp-content\\\/uploads\\\/2024\\\/08\\\/Angst-vor-dem-Tod.jpg\",\"datePublished\":\"2024-08-07T05:30:53+00:00\",\"dateModified\":\"2024-08-07T12:24:08+00:00\",\"description\":\"Trotz des sich nahenden Tods gehen \u00e4ltere Menschen h\u00e4ufig sehr gelassen mit der Endlichkeit um. Warum das so ist, erfahren Sie in unserem Artikel.\",\"breadcrumb\":{\"@id\":\"https:\\\/\\\/www.adullam.ch\\\/magazin\\\/jenseits-der-angst-umgang-mit-dem-tod-im-lebensabend\\\/#breadcrumb\"},\"inLanguage\":\"de-CH\",\"potentialAction\":[{\"@type\":\"ReadAction\",\"target\":[\"https:\\\/\\\/www.adullam.ch\\\/magazin\\\/jenseits-der-angst-umgang-mit-dem-tod-im-lebensabend\\\/\"]}]},{\"@type\":\"ImageObject\",\"inLanguage\":\"de-CH\",\"@id\":\"https:\\\/\\\/www.adullam.ch\\\/magazin\\\/jenseits-der-angst-umgang-mit-dem-tod-im-lebensabend\\\/#primaryimage\",\"url\":\"https:\\\/\\\/www.adullam.ch\\\/magazin\\\/wp-content\\\/uploads\\\/2024\\\/08\\\/Angst-vor-dem-Tod.jpg\",\"contentUrl\":\"https:\\\/\\\/www.adullam.ch\\\/magazin\\\/wp-content\\\/uploads\\\/2024\\\/08\\\/Angst-vor-dem-Tod.jpg\",\"width\":800,\"height\":450},{\"@type\":\"BreadcrumbList\",\"@id\":\"https:\\\/\\\/www.adullam.ch\\\/magazin\\\/jenseits-der-angst-umgang-mit-dem-tod-im-lebensabend\\\/#breadcrumb\",\"itemListElement\":[{\"@type\":\"ListItem\",\"position\":1,\"name\":\"Startseite\",\"item\":\"https:\\\/\\\/www.adullam.ch\\\/magazin\\\/\"},{\"@type\":\"ListItem\",\"position\":2,\"name\":\"Jenseits der Angst: Umgang mit dem Tod im Lebensabend\"}]},{\"@type\":\"WebSite\",\"@id\":\"https:\\\/\\\/www.adullam.ch\\\/magazin\\\/#website\",\"url\":\"https:\\\/\\\/www.adullam.ch\\\/magazin\\\/\",\"name\":\"silberFuchs\",\"description\":\"Das Online-Magazin der Adullam Spit\u00e4ler und Pflegezentren\",\"publisher\":{\"@id\":\"https:\\\/\\\/www.adullam.ch\\\/magazin\\\/#organization\"},\"potentialAction\":[{\"@type\":\"SearchAction\",\"target\":{\"@type\":\"EntryPoint\",\"urlTemplate\":\"https:\\\/\\\/www.adullam.ch\\\/magazin\\\/?s={search_term_string}\"},\"query-input\":{\"@type\":\"PropertyValueSpecification\",\"valueRequired\":true,\"valueName\":\"search_term_string\"}}],\"inLanguage\":\"de-CH\"},{\"@type\":\"Organization\",\"@id\":\"https:\\\/\\\/www.adullam.ch\\\/magazin\\\/#organization\",\"name\":\"silverFuchs\",\"alternateName\":\"Magazin von Adullam\",\"url\":\"https:\\\/\\\/www.adullam.ch\\\/magazin\\\/\",\"logo\":{\"@type\":\"ImageObject\",\"inLanguage\":\"de-CH\",\"@id\":\"https:\\\/\\\/www.adullam.ch\\\/magazin\\\/#\\\/schema\\\/logo\\\/image\\\/\",\"url\":\"https:\\\/\\\/www.adullam.ch\\\/magazin\\\/wp-content\\\/uploads\\\/2023\\\/08\\\/cropped-silberFuchs_Favicon.png\",\"contentUrl\":\"https:\\\/\\\/www.adullam.ch\\\/magazin\\\/wp-content\\\/uploads\\\/2023\\\/08\\\/cropped-silberFuchs_Favicon.png\",\"width\":512,\"height\":512,\"caption\":\"silverFuchs\"},\"image\":{\"@id\":\"https:\\\/\\\/www.adullam.ch\\\/magazin\\\/#\\\/schema\\\/logo\\\/image\\\/\"}},{\"@type\":\"Person\",\"@id\":\"https:\\\/\\\/www.adullam.ch\\\/magazin\\\/#\\\/schema\\\/person\\\/6ed0856fe3f6d3a2366d7469668cd0bf\",\"name\":\"Claudia Wasmer\"}]}<\/script>\n<!-- \/ Yoast SEO plugin. -->","yoast_head_json":{"title":"Jenseits der Angst: Umgang mit dem Tod im Lebensabend | silberFuchs","description":"Trotz des sich nahenden Tods gehen \u00e4ltere Menschen h\u00e4ufig sehr gelassen mit der Endlichkeit um. Warum das so ist, erfahren Sie in unserem Artikel.","robots":{"index":"index","follow":"follow","max-snippet":"max-snippet:-1","max-image-preview":"max-image-preview:large","max-video-preview":"max-video-preview:-1"},"canonical":"https:\/\/www.adullam.ch\/magazin\/jenseits-der-angst-umgang-mit-dem-tod-im-lebensabend\/","og_locale":"de_DE","og_type":"article","og_title":"Jenseits der Angst: Umgang mit dem Tod im Lebensabend | silberFuchs","og_description":"Trotz des sich nahenden Tods gehen \u00e4ltere Menschen h\u00e4ufig sehr gelassen mit der Endlichkeit um. Warum das so ist, erfahren Sie in unserem Artikel.","og_url":"https:\/\/www.adullam.ch\/magazin\/jenseits-der-angst-umgang-mit-dem-tod-im-lebensabend\/","og_site_name":"silberFuchs","article_published_time":"2024-08-07T05:30:53+00:00","article_modified_time":"2024-08-07T12:24:08+00:00","og_image":[{"width":800,"height":450,"url":"https:\/\/www.adullam.ch\/magazin\/wp-content\/uploads\/2024\/08\/Angst-vor-dem-Tod.jpg","type":"image\/jpeg"}],"author":"Claudia Wasmer","twitter_card":"summary_large_image","twitter_misc":{"Geschrieben von":"Claudia Wasmer","Gesch\u00e4tzte Lesezeit":"10\u00a0Minuten"},"schema":{"@context":"https:\/\/schema.org","@graph":[{"@type":"Article","@id":"https:\/\/www.adullam.ch\/magazin\/jenseits-der-angst-umgang-mit-dem-tod-im-lebensabend\/#article","isPartOf":{"@id":"https:\/\/www.adullam.ch\/magazin\/jenseits-der-angst-umgang-mit-dem-tod-im-lebensabend\/"},"author":{"name":"Claudia Wasmer","@id":"https:\/\/www.adullam.ch\/magazin\/#\/schema\/person\/6ed0856fe3f6d3a2366d7469668cd0bf"},"headline":"Jenseits der Angst: Umgang mit dem Tod im Lebensabend","datePublished":"2024-08-07T05:30:53+00:00","dateModified":"2024-08-07T12:24:08+00:00","mainEntityOfPage":{"@id":"https:\/\/www.adullam.ch\/magazin\/jenseits-der-angst-umgang-mit-dem-tod-im-lebensabend\/"},"wordCount":2008,"commentCount":0,"publisher":{"@id":"https:\/\/www.adullam.ch\/magazin\/#organization"},"image":{"@id":"https:\/\/www.adullam.ch\/magazin\/jenseits-der-angst-umgang-mit-dem-tod-im-lebensabend\/#primaryimage"},"thumbnailUrl":"https:\/\/www.adullam.ch\/magazin\/wp-content\/uploads\/2024\/08\/Angst-vor-dem-Tod.jpg","articleSection":["Gesellschaft &amp; Freizeit","Startseite"],"inLanguage":"de-CH","potentialAction":[{"@type":"CommentAction","name":"Comment","target":["https:\/\/www.adullam.ch\/magazin\/jenseits-der-angst-umgang-mit-dem-tod-im-lebensabend\/#respond"]}]},{"@type":"WebPage","@id":"https:\/\/www.adullam.ch\/magazin\/jenseits-der-angst-umgang-mit-dem-tod-im-lebensabend\/","url":"https:\/\/www.adullam.ch\/magazin\/jenseits-der-angst-umgang-mit-dem-tod-im-lebensabend\/","name":"Jenseits der Angst: Umgang mit dem Tod im Lebensabend | silberFuchs","isPartOf":{"@id":"https:\/\/www.adullam.ch\/magazin\/#website"},"primaryImageOfPage":{"@id":"https:\/\/www.adullam.ch\/magazin\/jenseits-der-angst-umgang-mit-dem-tod-im-lebensabend\/#primaryimage"},"image":{"@id":"https:\/\/www.adullam.ch\/magazin\/jenseits-der-angst-umgang-mit-dem-tod-im-lebensabend\/#primaryimage"},"thumbnailUrl":"https:\/\/www.adullam.ch\/magazin\/wp-content\/uploads\/2024\/08\/Angst-vor-dem-Tod.jpg","datePublished":"2024-08-07T05:30:53+00:00","dateModified":"2024-08-07T12:24:08+00:00","description":"Trotz des sich nahenden Tods gehen \u00e4ltere Menschen h\u00e4ufig sehr gelassen mit der Endlichkeit um. Warum das so ist, erfahren Sie in unserem Artikel.","breadcrumb":{"@id":"https:\/\/www.adullam.ch\/magazin\/jenseits-der-angst-umgang-mit-dem-tod-im-lebensabend\/#breadcrumb"},"inLanguage":"de-CH","potentialAction":[{"@type":"ReadAction","target":["https:\/\/www.adullam.ch\/magazin\/jenseits-der-angst-umgang-mit-dem-tod-im-lebensabend\/"]}]},{"@type":"ImageObject","inLanguage":"de-CH","@id":"https:\/\/www.adullam.ch\/magazin\/jenseits-der-angst-umgang-mit-dem-tod-im-lebensabend\/#primaryimage","url":"https:\/\/www.adullam.ch\/magazin\/wp-content\/uploads\/2024\/08\/Angst-vor-dem-Tod.jpg","contentUrl":"https:\/\/www.adullam.ch\/magazin\/wp-content\/uploads\/2024\/08\/Angst-vor-dem-Tod.jpg","width":800,"height":450},{"@type":"BreadcrumbList","@id":"https:\/\/www.adullam.ch\/magazin\/jenseits-der-angst-umgang-mit-dem-tod-im-lebensabend\/#breadcrumb","itemListElement":[{"@type":"ListItem","position":1,"name":"Startseite","item":"https:\/\/www.adullam.ch\/magazin\/"},{"@type":"ListItem","position":2,"name":"Jenseits der Angst: Umgang mit dem Tod im Lebensabend"}]},{"@type":"WebSite","@id":"https:\/\/www.adullam.ch\/magazin\/#website","url":"https:\/\/www.adullam.ch\/magazin\/","name":"silberFuchs","description":"Das Online-Magazin der Adullam Spit\u00e4ler und Pflegezentren","publisher":{"@id":"https:\/\/www.adullam.ch\/magazin\/#organization"},"potentialAction":[{"@type":"SearchAction","target":{"@type":"EntryPoint","urlTemplate":"https:\/\/www.adullam.ch\/magazin\/?s={search_term_string}"},"query-input":{"@type":"PropertyValueSpecification","valueRequired":true,"valueName":"search_term_string"}}],"inLanguage":"de-CH"},{"@type":"Organization","@id":"https:\/\/www.adullam.ch\/magazin\/#organization","name":"silverFuchs","alternateName":"Magazin von Adullam","url":"https:\/\/www.adullam.ch\/magazin\/","logo":{"@type":"ImageObject","inLanguage":"de-CH","@id":"https:\/\/www.adullam.ch\/magazin\/#\/schema\/logo\/image\/","url":"https:\/\/www.adullam.ch\/magazin\/wp-content\/uploads\/2023\/08\/cropped-silberFuchs_Favicon.png","contentUrl":"https:\/\/www.adullam.ch\/magazin\/wp-content\/uploads\/2023\/08\/cropped-silberFuchs_Favicon.png","width":512,"height":512,"caption":"silverFuchs"},"image":{"@id":"https:\/\/www.adullam.ch\/magazin\/#\/schema\/logo\/image\/"}},{"@type":"Person","@id":"https:\/\/www.adullam.ch\/magazin\/#\/schema\/person\/6ed0856fe3f6d3a2366d7469668cd0bf","name":"Claudia Wasmer"}]}},"_links":{"self":[{"href":"https:\/\/www.adullam.ch\/magazin\/wp-json\/wp\/v2\/posts\/6049","targetHints":{"allow":["GET"]}}],"collection":[{"href":"https:\/\/www.adullam.ch\/magazin\/wp-json\/wp\/v2\/posts"}],"about":[{"href":"https:\/\/www.adullam.ch\/magazin\/wp-json\/wp\/v2\/types\/post"}],"author":[{"embeddable":true,"href":"https:\/\/www.adullam.ch\/magazin\/wp-json\/wp\/v2\/users\/3"}],"replies":[{"embeddable":true,"href":"https:\/\/www.adullam.ch\/magazin\/wp-json\/wp\/v2\/comments?post=6049"}],"version-history":[{"count":33,"href":"https:\/\/www.adullam.ch\/magazin\/wp-json\/wp\/v2\/posts\/6049\/revisions"}],"predecessor-version":[{"id":6162,"href":"https:\/\/www.adullam.ch\/magazin\/wp-json\/wp\/v2\/posts\/6049\/revisions\/6162"}],"wp:featuredmedia":[{"embeddable":true,"href":"https:\/\/www.adullam.ch\/magazin\/wp-json\/wp\/v2\/media\/6153"}],"wp:attachment":[{"href":"https:\/\/www.adullam.ch\/magazin\/wp-json\/wp\/v2\/media?parent=6049"}],"wp:term":[{"taxonomy":"category","embeddable":true,"href":"https:\/\/www.adullam.ch\/magazin\/wp-json\/wp\/v2\/categories?post=6049"},{"taxonomy":"post_tag","embeddable":true,"href":"https:\/\/www.adullam.ch\/magazin\/wp-json\/wp\/v2\/tags?post=6049"}],"curies":[{"name":"wp","href":"https:\/\/api.w.org\/{rel}","templated":true}]}}