{"id":6541,"date":"2024-09-16T09:10:39","date_gmt":"2024-09-16T07:10:39","guid":{"rendered":"https:\/\/www.adullam.ch\/magazin\/?p=6541"},"modified":"2025-10-14T12:28:19","modified_gmt":"2025-10-14T10:28:19","slug":"klar-hoeren-klar-denken-die-ueberraschende-rolle-von-hoergeraeten-im-kampf-gegen-demenz","status":"publish","type":"post","link":"https:\/\/www.adullam.ch\/magazin\/klar-hoeren-klar-denken-die-ueberraschende-rolle-von-hoergeraeten-im-kampf-gegen-demenz\/","title":{"rendered":"Klar h\u00f6ren, klar denken: Die \u00fcberraschende Rolle von H\u00f6rger\u00e4ten im Kampf gegen Demenz"},"content":{"rendered":"<p>[et_pb_section fb_built=&#187;1&#8243; _builder_version=&#187;4.21.0&#8243; _module_preset=&#187;default&#187; global_colors_info=&#187;{}&#187;][et_pb_row _builder_version=&#187;4.21.0&#8243; _module_preset=&#187;default&#187;][et_pb_column _builder_version=&#187;4.21.0&#8243; _module_preset=&#187;default&#187; type=&#187;4_4&#8243;][et_pb_text admin_label=&#187;einleitung&#187; module_class=&#187;lauftext textinitial&#187; _builder_version=&#187;4.21.0&#8243; _module_preset=&#187;default&#187; text_orientation_tablet=&#187;left&#187; text_orientation_phone=&#187;left&#187; text_orientation_last_edited=&#187;off|desktop&#187; global_colors_info=&#187;{}&#187;]<\/p>\n<h2>Wie h\u00e4ngen H\u00f6rverlust und kognitive Gesundheit zusammen? Und was hat es damit auf sich, dass H\u00f6rger\u00e4te Demenz scheinbar positiv beeinflussen? In diesem Artikel gehen wir der Frage nach, warum eine gute H\u00f6rversorgung mehr ist als nur eine Frage des Komforts.<\/h2>\n<p>Ihr Geh\u00f6r l\u00e4sst nach, und pl\u00f6tzlich wird das Leben leiser \u2013 es verschwinden aber nicht nur die feinen Nuancen von Gespr\u00e4chen und Alltagsger\u00e4uschen, sondern auch ein St\u00fcck Ihrer geistigen Fitness. Wieso das? Nun, laut neuesten Forschungen kann unversorgte Schwerh\u00f6rigkeit nicht nur die Lebensqualit\u00e4t beeintr\u00e4chtigen, sondern auch das Risiko f\u00fcr Demenz erh\u00f6hen.<br \/>\n[\/et_pb_text][\/et_pb_column][\/et_pb_row][et_pb_row _builder_version=&#187;4.21.0&#8243; _module_preset=&#187;default&#187; column_structure=&#187;1_2,1_2&#8243;][et_pb_column _builder_version=&#187;4.21.0&#8243; _module_preset=&#187;default&#187; type=&#187;1_2&#8243;][et_pb_text admin_label=&#187;Schwerh\u00f6rigkeit und Demenz&#187; module_class=&#187;lauftext&#187; _builder_version=&#187;4.21.0&#8243; _module_preset=&#187;default&#187; text_orientation=&#187;justified&#187; text_orientation_tablet=&#187;left&#187; text_orientation_phone=&#187;left&#187; text_orientation_last_edited=&#187;on|desktop&#187; global_colors_info=&#187;{}&#187;]<\/p>\n<h2>Schwerh\u00f6rigkeit und Demenz<\/h2>\n<p><strong>Schwerh\u00f6rigkeit im Alter: Die Fakten<\/strong><\/p>\n<p>Mehr als 65% der \u00fcber 60-J\u00e4hrigen haben mit H\u00f6rproblemen zu k\u00e4mpfen. W\u00e4hrend wir uns vielleicht nur \u00fcber das Verpassen von Witzen oder die wiederholte Frage \u00abWas hast du gesagt?\u00bb \u00e4rgern, kann unversorgte Schwerh\u00f6rigkeit tiefgreifende Auswirkungen auf die geistige Gesundheit haben.<\/p>\n<p><strong>Wie Schwerh\u00f6rigkeit das Gehirn auf Trab h\u00e4lt<\/strong><\/p>\n<p>Unsere Ohren nehmen Ger\u00e4usche auf, doch unser Gehirn ist es, das sie interpretiert und ihnen Bedeutung verleiht. Wenn das Geh\u00f6r nachl\u00e4sst, muss das Gehirn h\u00e4rter arbeiten, um L\u00fccken im Klangbild zu f\u00fcllen. Diese st\u00e4ndige zus\u00e4tzliche Anstrengung kann zu geistiger Erm\u00fcdung und Stress f\u00fchren. \u00dcber die Zeit hinweg kann dieser Stress das Gehirn st\u00e4rker beanspruchen als n\u00f6tig \u2013 und das k\u00f6nnte ein Rezept f\u00fcr kognitive Probleme sein.<\/p>\n<p><strong>Schwerh\u00f6rigkeit als Risikofaktor f\u00fcr Demenz<\/strong><\/p>\n<p>Schwerh\u00f6rigkeit wird zunehmend als ein bedeutender Risikofaktor f\u00fcr Demenz erkannt. Studien zeigen, dass unversorgte H\u00f6rprobleme das Risiko f\u00fcr Demenz um bis zu 8% erh\u00f6hen k\u00f6nnen. Das mag auf den ersten Blick wenig erscheinen, doch in der globalen Demenzstatistik kann dieser Prozentsatz nicht ignoriert werden.<br \/>\n[\/et_pb_text][\/et_pb_column][et_pb_column _builder_version=&#187;4.21.0&#8243; _module_preset=&#187;default&#187; type=&#187;1_2&#8243;][et_pb_blurb title=&#187;Aktionstag: Lebenswert. Liebenswert? Abschied.&#187; use_icon=&#187;on&#187; font_icon=&#187;&#xf0c1;||fa||900&#8243; image_icon_width=&#187;50px&#187; icon_alignment=&#187;left&#187; content_max_width=&#187;1100px&#187; admin_label=&#187;Tipp Aktionstag&#187; module_class=&#187;linksbox&#187; _builder_version=&#187;4.21.0&#8243; _module_preset=&#187;default&#187; header_level=&#187;h2&#8243; header_font=&#187;||||||||&#187; body_font=&#187;Gupter||||||||&#187; body_font_size=&#187;24px&#187; background_color=&#187;gcid-6c3495d3-ec07-4663-b383-3af846586beb&#187; custom_padding=&#187;15px|15px|15px|15px|true|true&#187; global_colors_info=&#187;{%22gcid-6c3495d3-ec07-4663-b383-3af846586beb%22:%91%22background_color%22%93}&#187; theme_builder_area=&#187;post_content&#187;]<\/p>\n<p><strong>Erleben Sie einen besonderen Tag voller Begegnungen und Inspiration!<\/strong><\/p>\n<p>Wir feiern das Leben in all seinen Phasen \u2013 entdecken Sie in entspannter Atmosph\u00e4re, wie vielseitig und wertvoll das Leben bis ins Hohe alter sein kann.<\/p>\n<p><strong>Wann?<\/strong>\u00a018. Oktober 2025, ab 14.00 Uhr<br \/><strong>Wo?<\/strong>\u00a0Im Park des Adullam Spitals und Pflegezentrum Basel, Mittlere Strasse 15, 4056 Basel<\/p>\n<p><strong>Kommen Sie vorbei!<br \/><\/strong>F\u00fcr Menschen jeden Alters. Bringen Sie gerne Familie und Freunde mit.<\/p>\n<p><a href=\"https:\/\/www.adullam.ch\/magazin\/fokusthemen\/fokusthema-lebenswert-liebenswert\/\" target=\"_blank\" rel=\"noopener\"><strong>Hier finden Sie das komplette Programm und alle Informationen \u2026<\/strong><\/a><\/p>\n<p>&nbsp;<\/p>\n<p>[\/et_pb_blurb][\/et_pb_column][\/et_pb_row][et_pb_row _builder_version=&#187;4.21.0&#8243; _module_preset=&#187;default&#187; global_colors_info=&#187;{}&#187;][et_pb_column type=&#187;4_4&#8243; _builder_version=&#187;4.21.0&#8243; _module_preset=&#187;default&#187; global_colors_info=&#187;{}&#187;][et_pb_blurb title=&#187;Demenz: Mehr als nur Vergessen&#187; use_icon=&#187;on&#187; font_icon=&#187;&#xf12a;||fa||900&#8243; image_icon_width=&#187;50px&#187; icon_alignment=&#187;left&#187; content_max_width=&#187;1100px&#187; admin_label=&#187;Infobox: Mehr als nur Vergessen&#187; module_class=&#187;tippsbox&#187; _builder_version=&#187;4.21.0&#8243; _module_preset=&#187;default&#187; header_level=&#187;h2&#8243; header_font=&#187;||||||||&#187; body_font=&#187;Gupter||||||||&#187; body_font_size=&#187;24px&#187; background_color=&#187;gcid-6c3495d3-ec07-4663-b383-3af846586beb&#187; image_icon_custom_margin=&#187;|||10px|false|false&#187; custom_padding=&#187;15px|15px|15px|15px|true|true&#187; global_colors_info=&#187;{%22gcid-6c3495d3-ec07-4663-b383-3af846586beb%22:%91%22background_color%22%93}&#187;]Demenz ist kein gew\u00f6hnlicher Teil des Alterungsprozesses. Sie umfasst eine Reihe von Erkrankungen, die das Ged\u00e4chtnis und andere geistige F\u00e4higkeiten erheblich beeintr\u00e4chtigen. Anders als bei altersbedingten Ged\u00e4chtnisl\u00fccken geht Demenz mit einem raschen und umfassenden Verlust kognitiver Funktionen einher, der die Lebensf\u00fchrung erheblich einschr\u00e4nken kann. Wenn Sie mehr dazu erfahren m\u00f6chten, klicken Sie hier, um zu unserem Artikel zum Thema Demenz zu gelangen.<br \/>\n[\/et_pb_blurb][et_pb_text admin_label=&#187;Was H\u00f6rger\u00e4te der Demenz entgegenzuhalten haben&#187; module_class=&#187;lauftext&#187; _builder_version=&#187;4.21.0&#8243; _module_preset=&#187;default&#187; text_orientation=&#187;justified&#187; text_orientation_tablet=&#187;left&#187; text_orientation_phone=&#187;left&#187; text_orientation_last_edited=&#187;on|desktop&#187; global_colors_info=&#187;{}&#187;]<\/p>\n<h2>Was H\u00f6rger\u00e4te der Demenz entgegenzuhalten haben<\/h2>\n<p>Die Forschung zur Rolle von H\u00f6rger\u00e4ten im Kampf gegen Demenz gewinnt zunehmend an Bedeutung. Zwei aktuelle Studien haben spannende Ergebnisse geliefert:<\/p>\n<ul>\n<li><strong>Die ACHIEVE-Studie:<\/strong> Diese Untersuchung, durchgef\u00fchrt von der John-Hopkins-University, zeigt, dass das Tragen von H\u00f6rger\u00e4ten den kognitiven Abbau bei \u00e4lteren Erwachsenen mit erh\u00f6htem Demenzrisiko um beeindruckende 48% verlangsamen kann. \u00dcber einen Zeitraum von drei Jahren beobachteten die Forscher signifikante Unterschiede zwischen den Gruppen mit und ohne H\u00f6rger\u00e4te.<\/li>\n<li><strong>Die ENHANCE-Studie<\/strong>: Forscher der Universit\u00e4t Melbourne (AUS) fanden heraus, dass die kognitiven F\u00e4higkeiten der Teilnehmer mit H\u00f6rger\u00e4ten \u00fcber drei Jahre hinweg stabil blieben, w\u00e4hrend die kognitive Leistungsf\u00e4higkeit der Gruppe ohne H\u00f6rger\u00e4te abnahm.<\/li>\n<\/ul>\n<p>[\/et_pb_text][\/et_pb_column][\/et_pb_row][et_pb_row column_structure=&#187;3_5,2_5&#8243; _builder_version=&#187;4.21.0&#8243; _module_preset=&#187;default&#187; global_colors_info=&#187;{}&#187;][et_pb_column type=&#187;3_5&#8243; _builder_version=&#187;4.21.0&#8243; _module_preset=&#187;default&#187; global_colors_info=&#187;{}&#187;][et_pb_text admin_label=&#187;Was H\u00f6rger\u00e4te dem Risiko entgegenwirken k\u00f6nnen&#187; module_class=&#187;lauftext&#187; _builder_version=&#187;4.21.0&#8243; _module_preset=&#187;default&#187; text_orientation=&#187;justified&#187; text_orientation_tablet=&#187;left&#187; text_orientation_phone=&#187;left&#187; text_orientation_last_edited=&#187;on|desktop&#187; global_colors_info=&#187;{}&#187;]<\/p>\n<h2>Was H\u00f6rger\u00e4te dem Risiko entgegenwirken k\u00f6nnen<\/h2>\n<p><strong>Mechanismus der H\u00f6rger\u00e4te: So funktioniert es<\/strong><\/p>\n<p>H\u00f6rger\u00e4te sind nicht nur daf\u00fcr da, um den Klang wieder lauter zu machen. Sie sind komplexe Ger\u00e4te, die Ger\u00e4usche klarer und differenzierter wiedergeben, was das Gehirn entlastet. Indem sie Umgebungsger\u00e4usche und Sprache in eine f\u00fcr das Ohr verst\u00e4ndliche Form bringen, reduzieren sie die zus\u00e4tzliche Belastung, die durch unvollst\u00e4ndige Klanginformationen entsteht. Dies hilft, die geistige Fitness zu unterst\u00fctzen, indem das Gehirn nicht mehr so hart arbeiten muss, um Ger\u00e4usche zu interpretieren.<\/p>\n<p><strong>Mehr als nur bessere Verst\u00e4ndigung<\/strong><\/p>\n<p>H\u00f6rger\u00e4te verbessern nicht nur das H\u00f6ren, sondern tragen auch zu einer besseren Lebensqualit\u00e4t bei. Sie verhindern soziale Isolation, indem sie es den Nutzern erm\u00f6glichen, an Gespr\u00e4chen teilzunehmen und soziale Interaktionen zu geniessen. Diese aktive Teilnahme am sozialen Leben kann wiederum dazu beitragen, geistige Fitness und allgemeines Wohlbefinden zu erhalten.<br \/>\n[\/et_pb_text][\/et_pb_column][et_pb_column type=&#187;2_5&#8243; _builder_version=&#187;4.21.0&#8243; _module_preset=&#187;default&#187; global_colors_info=&#187;{}&#187;][et_pb_blurb title=&#187;Passend zum Thema&#187; use_icon=&#187;on&#187; font_icon=&#187;&#xf0c1;||fa||900&#8243; image_icon_width=&#187;50px&#187; icon_alignment=&#187;left&#187; content_max_width=&#187;1100px&#187; admin_label=&#187;Auch interessant&#187; module_class=&#187;linksbox&#187; _builder_version=&#187;4.21.0&#8243; _module_preset=&#187;default&#187; header_level=&#187;h2&#8243; header_font=&#187;||||||||&#187; body_font=&#187;Gupter||||||||&#187; body_font_size=&#187;24px&#187; background_color=&#187;gcid-6c3495d3-ec07-4663-b383-3af846586beb&#187; custom_padding=&#187;15px|15px|15px|15px|true|true&#187; global_colors_info=&#187;{%22gcid-6c3495d3-ec07-4663-b383-3af846586beb%22:%91%22background_color%22%93}&#187;]<strong>\u00abEin klangvolles Abenteuer \u2013 Wie Sie Schwerh\u00f6rigkeit im Alter meistern\u00bb<\/strong><br \/>\nSchwerh\u00f6rigkeit im Alter ist keine Seltenheit, aber warum sollten wir dar\u00fcber in ged\u00e4mpften T\u00f6nen sprechen? In diesem Artikel entdecken wir die Welt der Schwerh\u00f6rigkeit mit Neugier und geben Ihnen Tipps an die Hand, damit umzugehen.<\/p>\n<p><a href=\"https:\/\/www.adullam.ch\/magazin\/ein-klangvolles-abenteuer-wie-sie-schwerhoerigkeit-im-alter-meistern\/\" target=\"_blank\" rel=\"noopener\">Jetzt lesen!<\/a><br \/>\n[\/et_pb_blurb][\/et_pb_column][\/et_pb_row][et_pb_row _builder_version=&#187;4.21.0&#8243; _module_preset=&#187;default&#187; global_colors_info=&#187;{}&#187;][et_pb_column type=&#187;4_4&#8243; _builder_version=&#187;4.21.0&#8243; _module_preset=&#187;default&#187; global_colors_info=&#187;{}&#187;][et_pb_text admin_label=&#187;Wissenschaftliche Erkenntnisse: Was bedeutet das f\u00fcr uns?&#187; module_class=&#187;lauftext&#187; _builder_version=&#187;4.21.0&#8243; _module_preset=&#187;default&#187; text_orientation=&#187;justified&#187; text_orientation_tablet=&#187;left&#187; text_orientation_phone=&#187;left&#187; text_orientation_last_edited=&#187;on|desktop&#187; global_colors_info=&#187;{}&#187;]<\/p>\n<h2>Wissenschaftliche Erkenntnisse: Was bedeutet das f\u00fcr uns?<\/h2>\n<p>Die neuen Studienergebnisse legen nahe, dass eine fr\u00fchzeitige und effektive Behandlung von Schwerh\u00f6rigkeit nicht nur das Geh\u00f6r verbessern kann, sondern auch einen wertvollen Beitrag zur geistigen Gesundheit leistet. Das bedeutet konkret: Wer auf eine regelm\u00e4ssige H\u00f6rvorsorge setzt und fr\u00fchzeitig H\u00f6rger\u00e4te nutzt, k\u00f6nnte nicht nur die Lebensqualit\u00e4t steigern, sondern auch das Risiko f\u00fcr Demenz senken.<\/p>\n<p>Die Wissenschaft auf diesem Gebiet entwickelt sich weiter, und zuk\u00fcnftige Forschungen k\u00f6nnten noch detailliertere Erkenntnisse dar\u00fcber liefern, wie H\u00f6rger\u00e4te und andere Interventionen zur Demenzpr\u00e4vention beitragen k\u00f6nnen. Es bleibt spannend, wie sich die Rolle der H\u00f6rgesundheit in der Pr\u00e4vention von kognitiven Erkrankungen weiter entfalten wird.<br \/>\n[\/et_pb_text][et_pb_text admin_label=&#187;Unterst\u00fctzung und Handlungsempfehlungen&#187; module_class=&#187;lauftext&#187; _builder_version=&#187;4.21.0&#8243; _module_preset=&#187;default&#187; text_orientation=&#187;justified&#187; text_orientation_tablet=&#187;left&#187; text_orientation_phone=&#187;left&#187; text_orientation_last_edited=&#187;on|desktop&#187; global_colors_info=&#187;{}&#187;]<\/p>\n<h2>Unterst\u00fctzung und Handlungsempfehlungen<\/h2>\n<p><strong>F\u00fcr Betroffene: Eigenes H\u00f6rverm\u00f6gen \u00fcberpr\u00fcfen<\/strong><\/p>\n<p>Fr\u00fchzeitige Anzeichen von Schwerh\u00f6rigkeit k\u00f6nnen subtil sein. Schwierigkeiten beim Verstehen von Gespr\u00e4chen in lauten Umgebungen, das st\u00e4ndige Erh\u00f6hen der Lautst\u00e4rke von TV oder Radio und das h\u00e4ufige Nachfragen sind erste Warnsignale. Falls Sie den Verdacht haben, dass Ihr H\u00f6rverm\u00f6gen nachl\u00e4sst, k\u00f6nnen Sie einfache Online-H\u00f6rtests machen oder sich direkt an einen HNO-Arzt wenden. Wenn ein H\u00f6rverlust festgestellt wird, kann eine passende Behandlung, h\u00e4ufig in Form von H\u00f6rger\u00e4ten, empfohlen werden.<\/p>\n<p><strong>F\u00fcr Angeh\u00f6rige: Auf Anzeichen achten und handeln<\/strong><\/p>\n<p>Als Angeh\u00f6rige:r werden Ihnen die Ver\u00e4nderungen im H\u00f6rverm\u00f6gen Ihrer Liebsten vermutlich auffallen, wenn Sie damit beginnen m\u00fcssen, st\u00e4ndig etwas zu wiederholen. Vermeiden Sie Vorw\u00fcrfe und suchen Sie das Gespr\u00e4ch auf eine unterst\u00fctzende Weise. Schlagen Sie vor, gemeinsam einen H\u00f6rtest zu machen, um m\u00f6glichen H\u00f6rverlust fr\u00fchzeitig zu erkennen.<\/p>\n<p><strong>H\u00f6rvorsorge: Regelm\u00e4ssige Tests sind entscheidend<\/strong><\/p>\n<p>Auch wenn Sie noch nicht \u00fcber fortschreitende H\u00f6rschwierigkeiten klagen &#8211; regelm\u00e4ssige H\u00f6rtests sind wichtig, um m\u00f6gliche Probleme fr\u00fchzeitig zu identifizieren und zu behandeln. So k\u00f6nnen weitere kognitive Erkrankungen pr\u00e4ventiv angegangen werden.<br \/>\n[\/et_pb_text][et_pb_text admin_label=&#187;SR&#187; module_class=&#187;lauftext&#187; _builder_version=&#187;4.21.0&#8243; _module_preset=&#187;default&#187; text_orientation=&#187;justified&#187; global_colors_info=&#187;{}&#187;]<\/p>\n<h2><a href=\"https:\/\/www.adullam.ch\/magazin\/redaktion\/\" target=\"_blank\" rel=\"noopener\">(SR)<\/a><\/h2>\n<p>&nbsp;<br \/>\n[\/et_pb_text][\/et_pb_column][\/et_pb_row][\/et_pb_section]<\/p>\n","protected":false},"excerpt":{"rendered":"<p>Wie h\u00e4ngen H\u00f6rverlust und kognitive Gesundheit zusammen? Und was hat es damit auf sich, dass H\u00f6rger\u00e4te Demenz scheinbar positiv beeinflussen? In diesem Artikel gehen wir der Frage nach, warum eine gute H\u00f6rversorgung mehr ist als nur eine Frage des Komforts.<\/p>\n","protected":false},"author":3,"featured_media":6571,"comment_status":"open","ping_status":"open","sticky":false,"template":"","format":"standard","meta":{"_et_pb_use_builder":"on","_et_pb_old_content":"","_et_gb_content_width":"","footnotes":""},"categories":[7,42,15],"tags":[],"class_list":["post-6541","post","type-post","status-publish","format-standard","has-post-thumbnail","hentry","category-praeventionundtherapie","category-special-lebenswert-liebenswert","category-startseite"],"acf":[],"yoast_head":"<!-- This site is optimized with the Yoast SEO plugin v27.5 - https:\/\/yoast.com\/product\/yoast-seo-wordpress\/ -->\n<title>Klar h\u00f6ren, klar denken: Die \u00fcberraschende Rolle von H\u00f6rger\u00e4ten im Kampf gegen Demenz | silberFuchs<\/title>\n<meta name=\"description\" content=\"Warum ist eine gute H\u00f6rversorgung mehr als nur eine Frage des Komforts? Und was hat sie mit Demenz zu tun? Erfahren Sie jetzt mehr. \u25ba\" \/>\n<meta name=\"robots\" content=\"index, follow, max-snippet:-1, max-image-preview:large, max-video-preview:-1\" \/>\n<link rel=\"canonical\" href=\"https:\/\/www.adullam.ch\/magazin\/klar-hoeren-klar-denken-die-ueberraschende-rolle-von-hoergeraeten-im-kampf-gegen-demenz\/\" \/>\n<meta property=\"og:locale\" content=\"de_DE\" \/>\n<meta property=\"og:type\" content=\"article\" \/>\n<meta property=\"og:title\" content=\"Klar h\u00f6ren, klar denken: Die \u00fcberraschende Rolle von H\u00f6rger\u00e4ten im Kampf gegen Demenz | silberFuchs\" \/>\n<meta property=\"og:description\" content=\"Warum ist eine gute H\u00f6rversorgung mehr als nur eine Frage des Komforts? Und was hat sie mit Demenz zu tun? Erfahren Sie jetzt mehr. \u25ba\" \/>\n<meta property=\"og:url\" content=\"https:\/\/www.adullam.ch\/magazin\/klar-hoeren-klar-denken-die-ueberraschende-rolle-von-hoergeraeten-im-kampf-gegen-demenz\/\" \/>\n<meta property=\"og:site_name\" content=\"silberFuchs\" \/>\n<meta property=\"article:published_time\" content=\"2024-09-16T07:10:39+00:00\" \/>\n<meta property=\"article:modified_time\" content=\"2025-10-14T10:28:19+00:00\" \/>\n<meta property=\"og:image\" content=\"https:\/\/www.adullam.ch\/magazin\/wp-content\/uploads\/2024\/09\/Demenz-Hoergeraet-1.jpg\" \/>\n\t<meta property=\"og:image:width\" content=\"800\" \/>\n\t<meta property=\"og:image:height\" content=\"450\" \/>\n\t<meta property=\"og:image:type\" content=\"image\/jpeg\" \/>\n<meta name=\"author\" content=\"Claudia Wasmer\" \/>\n<meta name=\"twitter:card\" content=\"summary_large_image\" \/>\n<meta name=\"twitter:label1\" content=\"Geschrieben von\" \/>\n\t<meta name=\"twitter:data1\" content=\"Claudia Wasmer\" \/>\n\t<meta name=\"twitter:label2\" content=\"Gesch\u00e4tzte Lesezeit\" \/>\n\t<meta name=\"twitter:data2\" content=\"9\u00a0Minuten\" \/>\n<script type=\"application\/ld+json\" class=\"yoast-schema-graph\">{\"@context\":\"https:\\\/\\\/schema.org\",\"@graph\":[{\"@type\":\"Article\",\"@id\":\"https:\\\/\\\/www.adullam.ch\\\/magazin\\\/klar-hoeren-klar-denken-die-ueberraschende-rolle-von-hoergeraeten-im-kampf-gegen-demenz\\\/#article\",\"isPartOf\":{\"@id\":\"https:\\\/\\\/www.adullam.ch\\\/magazin\\\/klar-hoeren-klar-denken-die-ueberraschende-rolle-von-hoergeraeten-im-kampf-gegen-demenz\\\/\"},\"author\":{\"name\":\"Claudia Wasmer\",\"@id\":\"https:\\\/\\\/www.adullam.ch\\\/magazin\\\/#\\\/schema\\\/person\\\/6ed0856fe3f6d3a2366d7469668cd0bf\"},\"headline\":\"Klar h\u00f6ren, klar denken: Die \u00fcberraschende Rolle von H\u00f6rger\u00e4ten im Kampf gegen Demenz\",\"datePublished\":\"2024-09-16T07:10:39+00:00\",\"dateModified\":\"2025-10-14T10:28:19+00:00\",\"mainEntityOfPage\":{\"@id\":\"https:\\\/\\\/www.adullam.ch\\\/magazin\\\/klar-hoeren-klar-denken-die-ueberraschende-rolle-von-hoergeraeten-im-kampf-gegen-demenz\\\/\"},\"wordCount\":1869,\"commentCount\":2,\"publisher\":{\"@id\":\"https:\\\/\\\/www.adullam.ch\\\/magazin\\\/#organization\"},\"image\":{\"@id\":\"https:\\\/\\\/www.adullam.ch\\\/magazin\\\/klar-hoeren-klar-denken-die-ueberraschende-rolle-von-hoergeraeten-im-kampf-gegen-demenz\\\/#primaryimage\"},\"thumbnailUrl\":\"https:\\\/\\\/www.adullam.ch\\\/magazin\\\/wp-content\\\/uploads\\\/2024\\\/09\\\/Demenz-Hoergeraet-1.jpg\",\"articleSection\":[\"Pr\u00e4vention und Therapie\",\"Special: Lebenswert \u2013 Liebenswert\",\"Startseite\"],\"inLanguage\":\"de-CH\",\"potentialAction\":[{\"@type\":\"CommentAction\",\"name\":\"Comment\",\"target\":[\"https:\\\/\\\/www.adullam.ch\\\/magazin\\\/klar-hoeren-klar-denken-die-ueberraschende-rolle-von-hoergeraeten-im-kampf-gegen-demenz\\\/#respond\"]}]},{\"@type\":\"WebPage\",\"@id\":\"https:\\\/\\\/www.adullam.ch\\\/magazin\\\/klar-hoeren-klar-denken-die-ueberraschende-rolle-von-hoergeraeten-im-kampf-gegen-demenz\\\/\",\"url\":\"https:\\\/\\\/www.adullam.ch\\\/magazin\\\/klar-hoeren-klar-denken-die-ueberraschende-rolle-von-hoergeraeten-im-kampf-gegen-demenz\\\/\",\"name\":\"Klar h\u00f6ren, klar denken: Die \u00fcberraschende Rolle von H\u00f6rger\u00e4ten im Kampf gegen Demenz | silberFuchs\",\"isPartOf\":{\"@id\":\"https:\\\/\\\/www.adullam.ch\\\/magazin\\\/#website\"},\"primaryImageOfPage\":{\"@id\":\"https:\\\/\\\/www.adullam.ch\\\/magazin\\\/klar-hoeren-klar-denken-die-ueberraschende-rolle-von-hoergeraeten-im-kampf-gegen-demenz\\\/#primaryimage\"},\"image\":{\"@id\":\"https:\\\/\\\/www.adullam.ch\\\/magazin\\\/klar-hoeren-klar-denken-die-ueberraschende-rolle-von-hoergeraeten-im-kampf-gegen-demenz\\\/#primaryimage\"},\"thumbnailUrl\":\"https:\\\/\\\/www.adullam.ch\\\/magazin\\\/wp-content\\\/uploads\\\/2024\\\/09\\\/Demenz-Hoergeraet-1.jpg\",\"datePublished\":\"2024-09-16T07:10:39+00:00\",\"dateModified\":\"2025-10-14T10:28:19+00:00\",\"description\":\"Warum ist eine gute H\u00f6rversorgung mehr als nur eine Frage des Komforts? Und was hat sie mit Demenz zu tun? Erfahren Sie jetzt mehr. \u25ba\",\"breadcrumb\":{\"@id\":\"https:\\\/\\\/www.adullam.ch\\\/magazin\\\/klar-hoeren-klar-denken-die-ueberraschende-rolle-von-hoergeraeten-im-kampf-gegen-demenz\\\/#breadcrumb\"},\"inLanguage\":\"de-CH\",\"potentialAction\":[{\"@type\":\"ReadAction\",\"target\":[\"https:\\\/\\\/www.adullam.ch\\\/magazin\\\/klar-hoeren-klar-denken-die-ueberraschende-rolle-von-hoergeraeten-im-kampf-gegen-demenz\\\/\"]}]},{\"@type\":\"ImageObject\",\"inLanguage\":\"de-CH\",\"@id\":\"https:\\\/\\\/www.adullam.ch\\\/magazin\\\/klar-hoeren-klar-denken-die-ueberraschende-rolle-von-hoergeraeten-im-kampf-gegen-demenz\\\/#primaryimage\",\"url\":\"https:\\\/\\\/www.adullam.ch\\\/magazin\\\/wp-content\\\/uploads\\\/2024\\\/09\\\/Demenz-Hoergeraet-1.jpg\",\"contentUrl\":\"https:\\\/\\\/www.adullam.ch\\\/magazin\\\/wp-content\\\/uploads\\\/2024\\\/09\\\/Demenz-Hoergeraet-1.jpg\",\"width\":800,\"height\":450,\"caption\":\"an old woman with hearing aid smiles happily\"},{\"@type\":\"BreadcrumbList\",\"@id\":\"https:\\\/\\\/www.adullam.ch\\\/magazin\\\/klar-hoeren-klar-denken-die-ueberraschende-rolle-von-hoergeraeten-im-kampf-gegen-demenz\\\/#breadcrumb\",\"itemListElement\":[{\"@type\":\"ListItem\",\"position\":1,\"name\":\"Startseite\",\"item\":\"https:\\\/\\\/www.adullam.ch\\\/magazin\\\/\"},{\"@type\":\"ListItem\",\"position\":2,\"name\":\"Klar h\u00f6ren, klar denken: Die \u00fcberraschende Rolle von H\u00f6rger\u00e4ten im Kampf gegen Demenz\"}]},{\"@type\":\"WebSite\",\"@id\":\"https:\\\/\\\/www.adullam.ch\\\/magazin\\\/#website\",\"url\":\"https:\\\/\\\/www.adullam.ch\\\/magazin\\\/\",\"name\":\"silberFuchs\",\"description\":\"Das Online-Magazin der Adullam Spit\u00e4ler und Pflegezentren\",\"publisher\":{\"@id\":\"https:\\\/\\\/www.adullam.ch\\\/magazin\\\/#organization\"},\"potentialAction\":[{\"@type\":\"SearchAction\",\"target\":{\"@type\":\"EntryPoint\",\"urlTemplate\":\"https:\\\/\\\/www.adullam.ch\\\/magazin\\\/?s={search_term_string}\"},\"query-input\":{\"@type\":\"PropertyValueSpecification\",\"valueRequired\":true,\"valueName\":\"search_term_string\"}}],\"inLanguage\":\"de-CH\"},{\"@type\":\"Organization\",\"@id\":\"https:\\\/\\\/www.adullam.ch\\\/magazin\\\/#organization\",\"name\":\"silverFuchs\",\"alternateName\":\"Magazin von Adullam\",\"url\":\"https:\\\/\\\/www.adullam.ch\\\/magazin\\\/\",\"logo\":{\"@type\":\"ImageObject\",\"inLanguage\":\"de-CH\",\"@id\":\"https:\\\/\\\/www.adullam.ch\\\/magazin\\\/#\\\/schema\\\/logo\\\/image\\\/\",\"url\":\"https:\\\/\\\/www.adullam.ch\\\/magazin\\\/wp-content\\\/uploads\\\/2023\\\/08\\\/cropped-silberFuchs_Favicon.png\",\"contentUrl\":\"https:\\\/\\\/www.adullam.ch\\\/magazin\\\/wp-content\\\/uploads\\\/2023\\\/08\\\/cropped-silberFuchs_Favicon.png\",\"width\":512,\"height\":512,\"caption\":\"silverFuchs\"},\"image\":{\"@id\":\"https:\\\/\\\/www.adullam.ch\\\/magazin\\\/#\\\/schema\\\/logo\\\/image\\\/\"}},{\"@type\":\"Person\",\"@id\":\"https:\\\/\\\/www.adullam.ch\\\/magazin\\\/#\\\/schema\\\/person\\\/6ed0856fe3f6d3a2366d7469668cd0bf\",\"name\":\"Claudia Wasmer\"}]}<\/script>\n<!-- \/ Yoast SEO plugin. -->","yoast_head_json":{"title":"Klar h\u00f6ren, klar denken: Die \u00fcberraschende Rolle von H\u00f6rger\u00e4ten im Kampf gegen Demenz | silberFuchs","description":"Warum ist eine gute H\u00f6rversorgung mehr als nur eine Frage des Komforts? Und was hat sie mit Demenz zu tun? Erfahren Sie jetzt mehr. \u25ba","robots":{"index":"index","follow":"follow","max-snippet":"max-snippet:-1","max-image-preview":"max-image-preview:large","max-video-preview":"max-video-preview:-1"},"canonical":"https:\/\/www.adullam.ch\/magazin\/klar-hoeren-klar-denken-die-ueberraschende-rolle-von-hoergeraeten-im-kampf-gegen-demenz\/","og_locale":"de_DE","og_type":"article","og_title":"Klar h\u00f6ren, klar denken: Die \u00fcberraschende Rolle von H\u00f6rger\u00e4ten im Kampf gegen Demenz | silberFuchs","og_description":"Warum ist eine gute H\u00f6rversorgung mehr als nur eine Frage des Komforts? Und was hat sie mit Demenz zu tun? Erfahren Sie jetzt mehr. \u25ba","og_url":"https:\/\/www.adullam.ch\/magazin\/klar-hoeren-klar-denken-die-ueberraschende-rolle-von-hoergeraeten-im-kampf-gegen-demenz\/","og_site_name":"silberFuchs","article_published_time":"2024-09-16T07:10:39+00:00","article_modified_time":"2025-10-14T10:28:19+00:00","og_image":[{"width":800,"height":450,"url":"https:\/\/www.adullam.ch\/magazin\/wp-content\/uploads\/2024\/09\/Demenz-Hoergeraet-1.jpg","type":"image\/jpeg"}],"author":"Claudia Wasmer","twitter_card":"summary_large_image","twitter_misc":{"Geschrieben von":"Claudia Wasmer","Gesch\u00e4tzte Lesezeit":"9\u00a0Minuten"},"schema":{"@context":"https:\/\/schema.org","@graph":[{"@type":"Article","@id":"https:\/\/www.adullam.ch\/magazin\/klar-hoeren-klar-denken-die-ueberraschende-rolle-von-hoergeraeten-im-kampf-gegen-demenz\/#article","isPartOf":{"@id":"https:\/\/www.adullam.ch\/magazin\/klar-hoeren-klar-denken-die-ueberraschende-rolle-von-hoergeraeten-im-kampf-gegen-demenz\/"},"author":{"name":"Claudia Wasmer","@id":"https:\/\/www.adullam.ch\/magazin\/#\/schema\/person\/6ed0856fe3f6d3a2366d7469668cd0bf"},"headline":"Klar h\u00f6ren, klar denken: Die \u00fcberraschende Rolle von H\u00f6rger\u00e4ten im Kampf gegen Demenz","datePublished":"2024-09-16T07:10:39+00:00","dateModified":"2025-10-14T10:28:19+00:00","mainEntityOfPage":{"@id":"https:\/\/www.adullam.ch\/magazin\/klar-hoeren-klar-denken-die-ueberraschende-rolle-von-hoergeraeten-im-kampf-gegen-demenz\/"},"wordCount":1869,"commentCount":2,"publisher":{"@id":"https:\/\/www.adullam.ch\/magazin\/#organization"},"image":{"@id":"https:\/\/www.adullam.ch\/magazin\/klar-hoeren-klar-denken-die-ueberraschende-rolle-von-hoergeraeten-im-kampf-gegen-demenz\/#primaryimage"},"thumbnailUrl":"https:\/\/www.adullam.ch\/magazin\/wp-content\/uploads\/2024\/09\/Demenz-Hoergeraet-1.jpg","articleSection":["Pr\u00e4vention und Therapie","Special: Lebenswert \u2013 Liebenswert","Startseite"],"inLanguage":"de-CH","potentialAction":[{"@type":"CommentAction","name":"Comment","target":["https:\/\/www.adullam.ch\/magazin\/klar-hoeren-klar-denken-die-ueberraschende-rolle-von-hoergeraeten-im-kampf-gegen-demenz\/#respond"]}]},{"@type":"WebPage","@id":"https:\/\/www.adullam.ch\/magazin\/klar-hoeren-klar-denken-die-ueberraschende-rolle-von-hoergeraeten-im-kampf-gegen-demenz\/","url":"https:\/\/www.adullam.ch\/magazin\/klar-hoeren-klar-denken-die-ueberraschende-rolle-von-hoergeraeten-im-kampf-gegen-demenz\/","name":"Klar h\u00f6ren, klar denken: Die \u00fcberraschende Rolle von H\u00f6rger\u00e4ten im Kampf gegen Demenz | silberFuchs","isPartOf":{"@id":"https:\/\/www.adullam.ch\/magazin\/#website"},"primaryImageOfPage":{"@id":"https:\/\/www.adullam.ch\/magazin\/klar-hoeren-klar-denken-die-ueberraschende-rolle-von-hoergeraeten-im-kampf-gegen-demenz\/#primaryimage"},"image":{"@id":"https:\/\/www.adullam.ch\/magazin\/klar-hoeren-klar-denken-die-ueberraschende-rolle-von-hoergeraeten-im-kampf-gegen-demenz\/#primaryimage"},"thumbnailUrl":"https:\/\/www.adullam.ch\/magazin\/wp-content\/uploads\/2024\/09\/Demenz-Hoergeraet-1.jpg","datePublished":"2024-09-16T07:10:39+00:00","dateModified":"2025-10-14T10:28:19+00:00","description":"Warum ist eine gute H\u00f6rversorgung mehr als nur eine Frage des Komforts? Und was hat sie mit Demenz zu tun? Erfahren Sie jetzt mehr. \u25ba","breadcrumb":{"@id":"https:\/\/www.adullam.ch\/magazin\/klar-hoeren-klar-denken-die-ueberraschende-rolle-von-hoergeraeten-im-kampf-gegen-demenz\/#breadcrumb"},"inLanguage":"de-CH","potentialAction":[{"@type":"ReadAction","target":["https:\/\/www.adullam.ch\/magazin\/klar-hoeren-klar-denken-die-ueberraschende-rolle-von-hoergeraeten-im-kampf-gegen-demenz\/"]}]},{"@type":"ImageObject","inLanguage":"de-CH","@id":"https:\/\/www.adullam.ch\/magazin\/klar-hoeren-klar-denken-die-ueberraschende-rolle-von-hoergeraeten-im-kampf-gegen-demenz\/#primaryimage","url":"https:\/\/www.adullam.ch\/magazin\/wp-content\/uploads\/2024\/09\/Demenz-Hoergeraet-1.jpg","contentUrl":"https:\/\/www.adullam.ch\/magazin\/wp-content\/uploads\/2024\/09\/Demenz-Hoergeraet-1.jpg","width":800,"height":450,"caption":"an old woman with hearing aid smiles happily"},{"@type":"BreadcrumbList","@id":"https:\/\/www.adullam.ch\/magazin\/klar-hoeren-klar-denken-die-ueberraschende-rolle-von-hoergeraeten-im-kampf-gegen-demenz\/#breadcrumb","itemListElement":[{"@type":"ListItem","position":1,"name":"Startseite","item":"https:\/\/www.adullam.ch\/magazin\/"},{"@type":"ListItem","position":2,"name":"Klar h\u00f6ren, klar denken: Die \u00fcberraschende Rolle von H\u00f6rger\u00e4ten im Kampf gegen Demenz"}]},{"@type":"WebSite","@id":"https:\/\/www.adullam.ch\/magazin\/#website","url":"https:\/\/www.adullam.ch\/magazin\/","name":"silberFuchs","description":"Das Online-Magazin der Adullam Spit\u00e4ler und Pflegezentren","publisher":{"@id":"https:\/\/www.adullam.ch\/magazin\/#organization"},"potentialAction":[{"@type":"SearchAction","target":{"@type":"EntryPoint","urlTemplate":"https:\/\/www.adullam.ch\/magazin\/?s={search_term_string}"},"query-input":{"@type":"PropertyValueSpecification","valueRequired":true,"valueName":"search_term_string"}}],"inLanguage":"de-CH"},{"@type":"Organization","@id":"https:\/\/www.adullam.ch\/magazin\/#organization","name":"silverFuchs","alternateName":"Magazin von Adullam","url":"https:\/\/www.adullam.ch\/magazin\/","logo":{"@type":"ImageObject","inLanguage":"de-CH","@id":"https:\/\/www.adullam.ch\/magazin\/#\/schema\/logo\/image\/","url":"https:\/\/www.adullam.ch\/magazin\/wp-content\/uploads\/2023\/08\/cropped-silberFuchs_Favicon.png","contentUrl":"https:\/\/www.adullam.ch\/magazin\/wp-content\/uploads\/2023\/08\/cropped-silberFuchs_Favicon.png","width":512,"height":512,"caption":"silverFuchs"},"image":{"@id":"https:\/\/www.adullam.ch\/magazin\/#\/schema\/logo\/image\/"}},{"@type":"Person","@id":"https:\/\/www.adullam.ch\/magazin\/#\/schema\/person\/6ed0856fe3f6d3a2366d7469668cd0bf","name":"Claudia Wasmer"}]}},"_links":{"self":[{"href":"https:\/\/www.adullam.ch\/magazin\/wp-json\/wp\/v2\/posts\/6541","targetHints":{"allow":["GET"]}}],"collection":[{"href":"https:\/\/www.adullam.ch\/magazin\/wp-json\/wp\/v2\/posts"}],"about":[{"href":"https:\/\/www.adullam.ch\/magazin\/wp-json\/wp\/v2\/types\/post"}],"author":[{"embeddable":true,"href":"https:\/\/www.adullam.ch\/magazin\/wp-json\/wp\/v2\/users\/3"}],"replies":[{"embeddable":true,"href":"https:\/\/www.adullam.ch\/magazin\/wp-json\/wp\/v2\/comments?post=6541"}],"version-history":[{"count":27,"href":"https:\/\/www.adullam.ch\/magazin\/wp-json\/wp\/v2\/posts\/6541\/revisions"}],"predecessor-version":[{"id":11682,"href":"https:\/\/www.adullam.ch\/magazin\/wp-json\/wp\/v2\/posts\/6541\/revisions\/11682"}],"wp:featuredmedia":[{"embeddable":true,"href":"https:\/\/www.adullam.ch\/magazin\/wp-json\/wp\/v2\/media\/6571"}],"wp:attachment":[{"href":"https:\/\/www.adullam.ch\/magazin\/wp-json\/wp\/v2\/media?parent=6541"}],"wp:term":[{"taxonomy":"category","embeddable":true,"href":"https:\/\/www.adullam.ch\/magazin\/wp-json\/wp\/v2\/categories?post=6541"},{"taxonomy":"post_tag","embeddable":true,"href":"https:\/\/www.adullam.ch\/magazin\/wp-json\/wp\/v2\/tags?post=6541"}],"curies":[{"name":"wp","href":"https:\/\/api.w.org\/{rel}","templated":true}]}}