{"id":9502,"date":"2025-05-13T09:50:52","date_gmt":"2025-05-13T07:50:52","guid":{"rendered":"https:\/\/www.adullam.ch\/magazin\/?p=9502"},"modified":"2025-05-13T09:50:54","modified_gmt":"2025-05-13T07:50:54","slug":"therapie-bei-allergien-auch-im-alter-sinnvoll","status":"publish","type":"post","link":"https:\/\/www.adullam.ch\/magazin\/therapie-bei-allergien-auch-im-alter-sinnvoll\/","title":{"rendered":"Therapie bei Allergien \u2013 auch im Alter sinnvoll?"},"content":{"rendered":"<p>[et_pb_section fb_built=&#187;1&#8243; _builder_version=&#187;4.21.0&#8243; _module_preset=&#187;default&#187; global_colors_info=&#187;{}&#187;][et_pb_row _builder_version=&#187;4.21.0&#8243; _module_preset=&#187;default&#187; global_colors_info=&#187;{}&#187;][et_pb_column type=&#187;4_4&#8243; _builder_version=&#187;4.21.0&#8243; _module_preset=&#187;default&#187; global_colors_info=&#187;{}&#187;][et_pb_text admin_label=&#187;Teaser&#187; module_class=&#187;lauftext textinitial&#187; _builder_version=&#187;4.21.0&#8243; _module_preset=&#187;default&#187; text_orientation_tablet=&#187;left&#187; text_orientation_phone=&#187;left&#187; text_orientation_last_edited=&#187;off|desktop&#187; global_colors_info=&#187;{}&#187;]<\/p>\n<h2>Juckende Augen, st\u00e4ndiges Niesen und eine laufende Nase \u2013 Allergien k\u00f6nnen den Alltag erheblich beeintr\u00e4chtigen. Die Hyposensibilisierung kann das Immunsystem an Allergene gew\u00f6hnen und Beschwerden langfristig reduzieren. Doch ist sie auch f\u00fcr \u00e4ltere Menschen geeignet? In diesem Artikel erfahren Sie, wie die Therapie funktioniert und f\u00fcr wen sie infrage kommt.<\/h2>\n<p>Gibt es eine M\u00f6glichkeit, das Immunsystem langfristig an Allergene zu gew\u00f6hnen und so die Beschwerden zu lindern? Genau das ist das Ziel der Desensibilisierung, auch als Hyposensibilisierung bekannt. Lange Zeit galt die Annahme, dass diese Therapie nur bei j\u00fcngeren Patient:innen erfolgversprechend ist. Doch neue Erkenntnisse zeigen: Auch im fortgeschrittenen Alter kann eine Immuntherapie wirksam sein.<br \/>\n[\/et_pb_text][et_pb_text admin_label=&#187;Wie funktioniert eine Desensibilisierung?&#187; module_class=&#187;lauftext&#187; _builder_version=&#187;4.21.0&#8243; _module_preset=&#187;default&#187; text_orientation=&#187;justified&#187; text_orientation_tablet=&#187;left&#187; text_orientation_phone=&#187;left&#187; text_orientation_last_edited=&#187;on|desktop&#187; global_colors_info=&#187;{}&#187;]<\/p>\n<h2>Wie funktioniert eine Desensibilisierung?<\/h2>\n<p>Eine allergische Reaktion entsteht, weil das Immunsystem harmlose Substanzen wie Pollen oder Hausstaubmilben f\u00e4lschlicherweise als Bedrohung einstuft. Bei der Desensibilisierung wird dem K\u00f6rper das Allergen in kontrollierter Form zugef\u00fchrt \u2013 entweder als Spritze oder in Form von Tropfen oder Tabletten. Ziel ist es, den Organismus langsam an den Stoff zu gew\u00f6hnen, sodass die allergischen Beschwerden nach und nach nachlassen oder ganz verschwinden.<\/p>\n<p>Damit die Therapie erfolgreich ist, muss zun\u00e4chst genau bestimmt werden, auf welche Allergene der Patient reagiert. Die Diagnostik beginnt mit einem ausf\u00fchrlichen Gespr\u00e4ch mit dem Arzt, der die Beschwerden sowie deren H\u00e4ufigkeit und Ausl\u00f6ser erfasst. Anschliessend kommen Haut- und Bluttests wie der Pricktest oder spezifische IgE-Antik\u00f6rper-Tests zum Einsatz. In unklaren F\u00e4llen kann ein sogenannter Provokationstest durchgef\u00fchrt werden, bei dem der Allergieausl\u00f6ser direkt auf die Nasenschleimhaut aufgebracht wird.<\/p>\n<p>Ein wichtiger Aspekt bei der Auswahl des passenden Therapiepr\u00e4parats ist die genaue Kenntnis der Haupt- und Nebenallergene. Forscher haben herausgefunden, dass etwa Birken- oder Gr\u00e4serpollen nicht nur ein einziges Allergen enthalten, sondern aus mehreren Bestandteilen bestehen. Eine erfolgreiche Hyposensibilisierung setzt voraus, dass die Hauptallergene in den Therapiepr\u00e4paraten enthalten sind, auf die der Patient reagiert.<\/p>\n<p>[\/et_pb_text][et_pb_image src=&#187;https:\/\/www.adullam.ch\/magazin\/wp-content\/uploads\/2025\/05\/Hyposensibilisierung2.jpg&#187; alt=&#187;\u00c4rztin kl\u00e4rt Patientin auf&#187; title_text=&#187;Shot of a doctor showing a patient some information on a digital tablet&#187; _builder_version=&#187;4.21.0&#8243; _module_preset=&#187;default&#187; global_colors_info=&#187;{}&#187;][\/et_pb_image][et_pb_text admin_label=&#187;Welche Formen der Hyposensibilisierung gibt es?&#187; module_class=&#187;lauftext&#187; _builder_version=&#187;4.21.0&#8243; _module_preset=&#187;default&#187; text_orientation=&#187;justified&#187; text_orientation_tablet=&#187;left&#187; text_orientation_phone=&#187;left&#187; text_orientation_last_edited=&#187;on|desktop&#187; global_colors_info=&#187;{}&#187;]<\/p>\n<h2>Welche Formen der Hyposensibilisierung gibt es?<\/h2>\n<p>Je nach individuellem Bedarf gibt es unterschiedliche Methoden der Desensibilisierung. Die klassische Form erfolgt in zwei Phasen: In der Aufdosierungsphase erh\u00e4lt der Patient w\u00f6chentlich Spritzen mit einer steigenden Allergenkonzentration. Nach etwa 16 Wochen wird die Erhaltungsdosis erreicht, die dann monatlich gespritzt wird \u2013 \u00fcber einen Zeitraum von mindestens drei Jahren.<\/p>\n<p>Alternativ gibt es die Kurzzeit-Hyposensibilisierung, bei der die Aufdosierung schneller erfolgt, sodass die Erhaltungsdosis in k\u00fcrzerer Zeit erreicht wird. Die Gesamttherapiedauer ist jedoch identisch. F\u00fcr besonders schnelle Ergebnisse kommt die Rush- oder Ultra-Rush-Hyposensibilisierung infrage, bei der die Dosis innerhalb weniger Tage stark gesteigert wird. Diese Methode wird meist station\u00e4r durchgef\u00fchrt und ist insbesondere f\u00fcr Insektengiftallergiker geeignet.<\/p>\n<p>Eine weitere Alternative ist die sublinguale Immuntherapie (SLIT), bei der das Allergen nicht gespritzt, sondern in Tropfen- oder Tablettenform unter die Zunge gegeben wird. Diese Methode hat den Vorteil, dass sie bequem zu Hause durchgef\u00fchrt werden kann.<\/p>\n<p>[\/et_pb_text][et_pb_image src=&#187;https:\/\/www.adullam.ch\/magazin\/wp-content\/uploads\/2025\/05\/Hyposensibilisierung1.jpg&#187; alt=&#187;Risiken und Nebenwirkungen unter der Lupe&#187; title_text=&#187;Nebenwirkungen&#187; _builder_version=&#187;4.21.0&#8243; _module_preset=&#187;default&#187; global_colors_info=&#187;{}&#187;][\/et_pb_image][et_pb_text admin_label=&#187;Risiken und Nebenwirkungen \u2013 was ist zu beachten?&#187; module_class=&#187;lauftext&#187; _builder_version=&#187;4.21.0&#8243; _module_preset=&#187;default&#187; text_orientation=&#187;justified&#187; text_orientation_tablet=&#187;left&#187; text_orientation_phone=&#187;left&#187; text_orientation_last_edited=&#187;on|desktop&#187; global_colors_info=&#187;{}&#187;]<\/p>\n<h2>Risiken und Nebenwirkungen \u2013 was ist zu beachten?<\/h2>\n<p>Grunds\u00e4tzlich gilt die Hyposensibilisierung als sichere Therapie. Moderne Therapiepr\u00e4parate wurden im Laufe der Jahre weiterentwickelt und sind gut vertr\u00e4glich. Dennoch kann es in der Anfangsphase zu leichten Nebenwirkungen wie Juckreiz oder R\u00f6tungen an der Einstichstelle kommen. Bei der sublingualen Therapie kann es vor\u00fcbergehend zu Juckreiz im Mundraum kommen. Schwerere allergische Reaktionen sind selten, dennoch wird die erste Gabe meist unter \u00e4rztlicher Aufsicht durchgef\u00fchrt.<\/p>\n<p>[\/et_pb_text][et_pb_blurb use_icon=&#187;on&#187; font_icon=&#187;&#xf12a;||fa||900&#8243; image_icon_width=&#187;50px&#187; icon_alignment=&#187;left&#187; content_max_width=&#187;1100px&#187; module_class=&#187;tippsbox&#187; _builder_version=&#187;4.21.0&#8243; _module_preset=&#187;default&#187; header_level=&#187;h2&#8243; header_font=&#187;||||||||&#187; body_font=&#187;Gupter||||||||&#187; body_font_size=&#187;24px&#187; background_color=&#187;gcid-6c3495d3-ec07-4663-b383-3af846586beb&#187; image_icon_custom_margin=&#187;|||10px|false|false&#187; custom_padding=&#187;15px|15px|15px|15px|true|true&#187; global_colors_info=&#187;{%22gcid-6c3495d3-ec07-4663-b383-3af846586beb%22:%91%22background_color%22%93}&#187;]<\/p>\n<p>W\u00e4hrend der Behandlung gibt es einige Punkte zu beachten: Am Tag der Injektion sollte auf intensive sportliche Aktivit\u00e4t und Saunabesuche verzichtet werden, da diese die Reaktion des Immunsystems verst\u00e4rken k\u00f6nnten. Patient:innen mit Asthma wird empfohlen, ihre Atemfunktion regelm\u00e4ssig mit einem Peak-Flow-Meter zu kontrollieren. Zudem k\u00f6nnen in der Anfangsphase zus\u00e4tzliche antiallergische Medikamente notwendig sein, da die Wirkung der Hyposensibilisierung nicht sofort eintritt.<\/p>\n<p>[\/et_pb_blurb][et_pb_text admin_label=&#187;Warum ist eine Hyposensibilisierung auch im Alter noch sinnvoll?&#187; module_class=&#187;lauftext&#187; _builder_version=&#187;4.21.0&#8243; _module_preset=&#187;default&#187; text_orientation=&#187;justified&#187; text_orientation_tablet=&#187;left&#187; text_orientation_phone=&#187;left&#187; text_orientation_last_edited=&#187;on|desktop&#187; global_colors_info=&#187;{}&#187;]<\/p>\n<h2>Warum ist eine Hyposensibilisierung auch im Alter noch sinnvoll?<\/h2>\n<p>Fr\u00fcher wurde oft angenommen, dass eine Hyposensibilisierung nur f\u00fcr j\u00fcngere Menschen geeignet ist. Heute ist jedoch klar: Auch \u00e4ltere Patient:innen k\u00f6nnen von der Therapie profitieren. Entscheidend ist weniger das Alter, sondern vielmehr der gesundheitliche Zustand und die individuelle Allergie-Situation. Gerade, wenn allergische Beschwerden die Lebensqualit\u00e4t stark beeintr\u00e4chtigen oder gar zu Asthma f\u00fchren, kann eine Immuntherapie eine sinnvolle Option sein<\/p>\n<p>[\/et_pb_text][et_pb_blurb use_icon=&#187;on&#187; font_icon=&#187;&#xf12a;||fa||900&#8243; image_icon_width=&#187;50px&#187; icon_alignment=&#187;left&#187; content_max_width=&#187;1100px&#187; module_class=&#187;tippsbox&#187; _builder_version=&#187;4.21.0&#8243; _module_preset=&#187;default&#187; header_level=&#187;h2&#8243; header_font=&#187;||||||||&#187; body_font=&#187;Gupter||||||||&#187; body_font_size=&#187;24px&#187; background_color=&#187;gcid-6c3495d3-ec07-4663-b383-3af846586beb&#187; image_icon_custom_margin=&#187;|||10px|false|false&#187; custom_padding=&#187;15px|15px|15px|15px|true|true&#187; global_colors_info=&#187;{%22gcid-6c3495d3-ec07-4663-b383-3af846586beb%22:%91%22background_color%22%93}&#187;]<\/p>\n<p>Wichtig ist, dass die Therapie \u00fcber die gesamte Dauer durchgef\u00fchrt wird, um einen langfristigen Effekt zu erzielen. Studien zeigen, dass mindestens 70 Prozent der Patient:innen nach einer dreij\u00e4hrigen Therapie eine deutliche Besserung oder sogar eine vollst\u00e4ndige Beschwerdefreiheit erreichen.<\/p>\n<p>[\/et_pb_blurb][et_pb_text admin_label=&#187;Lohnt sich die Hyposensibilisierung? &#187; module_class=&#187;lauftext&#187; _builder_version=&#187;4.21.0&#8243; _module_preset=&#187;default&#187; text_orientation=&#187;justified&#187; text_orientation_tablet=&#187;left&#187; text_orientation_phone=&#187;left&#187; text_orientation_last_edited=&#187;on|desktop&#187; global_colors_info=&#187;{}&#187;]<\/p>\n<h2>Lohnt sich die Hyposensibilisierung?<\/h2>\n<p>Die Desensibilisierung ist die einzige Therapie, die die Ursache einer Allergie behandelt und nicht nur die Symptome lindert. Wer sich konsequent darauf einl\u00e4sst, hat gute Chancen, langfristig weniger oder gar keine allergischen Beschwerden mehr zu haben. Und das Beste: Auch im fortgeschrittenen Alter kann eine Hyposensibilisierung erfolgreich sein. Wichtig ist eine gr\u00fcndliche Diagnostik, die Wahl des passenden Therapiepr\u00e4parats und das Durchhalten der Behandlung. Denn wer sich drei Jahre Zeit nimmt, kann sich danach oft \u00fcber ein Leben mit deutlich weniger Allergieproblemen freuen.<br \/>\n[\/et_pb_text][et_pb_text module_class=&#187;lauftext&#187; _builder_version=&#187;4.21.0&#8243; _module_preset=&#187;default&#187; text_orientation=&#187;justified&#187; global_colors_info=&#187;{}&#187;]<\/p>\n<h2><a href=\"https:\/\/www.adullam.ch\/magazin\/redaktion\/\" target=\"_blank\" rel=\"noopener\">(SR)<\/a><\/h2>\n<p>&nbsp;<br \/>\n[\/et_pb_text][\/et_pb_column][\/et_pb_row][\/et_pb_section]<\/p>\n","protected":false},"excerpt":{"rendered":"<p>Juckende Augen, st\u00e4ndiges Niesen und eine laufende Nase \u2013 Allergien k\u00f6nnen den Alltag erheblich beeintr\u00e4chtigen. Die Hyposensibilisierung kann das Immunsystem an Allergene gew\u00f6hnen und Beschwerden langfristig reduzieren. Doch ist sie auch f\u00fcr \u00e4ltere Menschen geeignet? In diesem Artikel erfahren Sie, wie die Therapie funktioniert und f\u00fcr wen sie infrage kommt.<\/p>\n","protected":false},"author":3,"featured_media":9512,"comment_status":"open","ping_status":"open","sticky":false,"template":"","format":"standard","meta":{"_et_pb_use_builder":"on","_et_pb_old_content":"","_et_gb_content_width":"","footnotes":""},"categories":[13,1,15],"tags":[],"class_list":["post-9502","post","type-post","status-publish","format-standard","has-post-thumbnail","hentry","category-einfacherklaert","category-ohnekategorie","category-startseite"],"acf":[],"yoast_head":"<!-- This site is optimized with the Yoast SEO plugin v27.5 - https:\/\/yoast.com\/product\/yoast-seo-wordpress\/ -->\n<title>Therapie bei Allergien \u2013 auch im Alter sinnvoll? | silberFuchs<\/title>\n<meta name=\"description\" content=\"Allergien: Die Hyposensibilisierung kann Beschwerden langfristig reduzieren. Doch ist sie auch f\u00fcr \u00e4ltere Menschen geeignet?\" \/>\n<meta name=\"robots\" content=\"index, follow, max-snippet:-1, max-image-preview:large, max-video-preview:-1\" \/>\n<link rel=\"canonical\" href=\"https:\/\/www.adullam.ch\/magazin\/therapie-bei-allergien-auch-im-alter-sinnvoll\/\" \/>\n<meta property=\"og:locale\" content=\"de_DE\" \/>\n<meta property=\"og:type\" content=\"article\" \/>\n<meta property=\"og:title\" content=\"Therapie bei Allergien \u2013 auch im Alter sinnvoll? | silberFuchs\" \/>\n<meta property=\"og:description\" content=\"Allergien: Die Hyposensibilisierung kann Beschwerden langfristig reduzieren. Doch ist sie auch f\u00fcr \u00e4ltere Menschen geeignet?\" \/>\n<meta property=\"og:url\" content=\"https:\/\/www.adullam.ch\/magazin\/therapie-bei-allergien-auch-im-alter-sinnvoll\/\" \/>\n<meta property=\"og:site_name\" content=\"silberFuchs\" \/>\n<meta property=\"article:published_time\" content=\"2025-05-13T07:50:52+00:00\" \/>\n<meta property=\"article:modified_time\" content=\"2025-05-13T07:50:54+00:00\" \/>\n<meta property=\"og:image\" content=\"https:\/\/www.adullam.ch\/magazin\/wp-content\/uploads\/2025\/05\/Hyposensibilisierung.jpg\" \/>\n\t<meta property=\"og:image:width\" content=\"800\" \/>\n\t<meta property=\"og:image:height\" content=\"451\" \/>\n\t<meta property=\"og:image:type\" content=\"image\/jpeg\" \/>\n<meta name=\"author\" content=\"Claudia Wasmer\" \/>\n<meta name=\"twitter:card\" content=\"summary_large_image\" \/>\n<meta name=\"twitter:label1\" content=\"Geschrieben von\" \/>\n\t<meta name=\"twitter:data1\" content=\"Claudia Wasmer\" \/>\n\t<meta name=\"twitter:label2\" content=\"Gesch\u00e4tzte Lesezeit\" \/>\n\t<meta name=\"twitter:data2\" content=\"7\u00a0Minuten\" \/>\n<script type=\"application\/ld+json\" class=\"yoast-schema-graph\">{\"@context\":\"https:\\\/\\\/schema.org\",\"@graph\":[{\"@type\":\"Article\",\"@id\":\"https:\\\/\\\/www.adullam.ch\\\/magazin\\\/therapie-bei-allergien-auch-im-alter-sinnvoll\\\/#article\",\"isPartOf\":{\"@id\":\"https:\\\/\\\/www.adullam.ch\\\/magazin\\\/therapie-bei-allergien-auch-im-alter-sinnvoll\\\/\"},\"author\":{\"name\":\"Claudia Wasmer\",\"@id\":\"https:\\\/\\\/www.adullam.ch\\\/magazin\\\/#\\\/schema\\\/person\\\/6ed0856fe3f6d3a2366d7469668cd0bf\"},\"headline\":\"Therapie bei Allergien \u2013 auch im Alter sinnvoll?\",\"datePublished\":\"2025-05-13T07:50:52+00:00\",\"dateModified\":\"2025-05-13T07:50:54+00:00\",\"mainEntityOfPage\":{\"@id\":\"https:\\\/\\\/www.adullam.ch\\\/magazin\\\/therapie-bei-allergien-auch-im-alter-sinnvoll\\\/\"},\"wordCount\":1390,\"commentCount\":2,\"publisher\":{\"@id\":\"https:\\\/\\\/www.adullam.ch\\\/magazin\\\/#organization\"},\"image\":{\"@id\":\"https:\\\/\\\/www.adullam.ch\\\/magazin\\\/therapie-bei-allergien-auch-im-alter-sinnvoll\\\/#primaryimage\"},\"thumbnailUrl\":\"https:\\\/\\\/www.adullam.ch\\\/magazin\\\/wp-content\\\/uploads\\\/2025\\\/05\\\/Hyposensibilisierung.jpg\",\"articleSection\":[\"Medizin &amp; Gesundheit\",\"Ohne Kategorie\",\"Startseite\"],\"inLanguage\":\"de-CH\",\"potentialAction\":[{\"@type\":\"CommentAction\",\"name\":\"Comment\",\"target\":[\"https:\\\/\\\/www.adullam.ch\\\/magazin\\\/therapie-bei-allergien-auch-im-alter-sinnvoll\\\/#respond\"]}]},{\"@type\":\"WebPage\",\"@id\":\"https:\\\/\\\/www.adullam.ch\\\/magazin\\\/therapie-bei-allergien-auch-im-alter-sinnvoll\\\/\",\"url\":\"https:\\\/\\\/www.adullam.ch\\\/magazin\\\/therapie-bei-allergien-auch-im-alter-sinnvoll\\\/\",\"name\":\"Therapie bei Allergien \u2013 auch im Alter sinnvoll? | silberFuchs\",\"isPartOf\":{\"@id\":\"https:\\\/\\\/www.adullam.ch\\\/magazin\\\/#website\"},\"primaryImageOfPage\":{\"@id\":\"https:\\\/\\\/www.adullam.ch\\\/magazin\\\/therapie-bei-allergien-auch-im-alter-sinnvoll\\\/#primaryimage\"},\"image\":{\"@id\":\"https:\\\/\\\/www.adullam.ch\\\/magazin\\\/therapie-bei-allergien-auch-im-alter-sinnvoll\\\/#primaryimage\"},\"thumbnailUrl\":\"https:\\\/\\\/www.adullam.ch\\\/magazin\\\/wp-content\\\/uploads\\\/2025\\\/05\\\/Hyposensibilisierung.jpg\",\"datePublished\":\"2025-05-13T07:50:52+00:00\",\"dateModified\":\"2025-05-13T07:50:54+00:00\",\"description\":\"Allergien: Die Hyposensibilisierung kann Beschwerden langfristig reduzieren. Doch ist sie auch f\u00fcr \u00e4ltere Menschen geeignet?\",\"breadcrumb\":{\"@id\":\"https:\\\/\\\/www.adullam.ch\\\/magazin\\\/therapie-bei-allergien-auch-im-alter-sinnvoll\\\/#breadcrumb\"},\"inLanguage\":\"de-CH\",\"potentialAction\":[{\"@type\":\"ReadAction\",\"target\":[\"https:\\\/\\\/www.adullam.ch\\\/magazin\\\/therapie-bei-allergien-auch-im-alter-sinnvoll\\\/\"]}]},{\"@type\":\"ImageObject\",\"inLanguage\":\"de-CH\",\"@id\":\"https:\\\/\\\/www.adullam.ch\\\/magazin\\\/therapie-bei-allergien-auch-im-alter-sinnvoll\\\/#primaryimage\",\"url\":\"https:\\\/\\\/www.adullam.ch\\\/magazin\\\/wp-content\\\/uploads\\\/2025\\\/05\\\/Hyposensibilisierung.jpg\",\"contentUrl\":\"https:\\\/\\\/www.adullam.ch\\\/magazin\\\/wp-content\\\/uploads\\\/2025\\\/05\\\/Hyposensibilisierung.jpg\",\"width\":800,\"height\":451,\"caption\":\"Frau steht in bl\u00fchender Wiese und leidet unter Allergie\"},{\"@type\":\"BreadcrumbList\",\"@id\":\"https:\\\/\\\/www.adullam.ch\\\/magazin\\\/therapie-bei-allergien-auch-im-alter-sinnvoll\\\/#breadcrumb\",\"itemListElement\":[{\"@type\":\"ListItem\",\"position\":1,\"name\":\"Startseite\",\"item\":\"https:\\\/\\\/www.adullam.ch\\\/magazin\\\/\"},{\"@type\":\"ListItem\",\"position\":2,\"name\":\"Therapie bei Allergien \u2013 auch im Alter sinnvoll?\"}]},{\"@type\":\"WebSite\",\"@id\":\"https:\\\/\\\/www.adullam.ch\\\/magazin\\\/#website\",\"url\":\"https:\\\/\\\/www.adullam.ch\\\/magazin\\\/\",\"name\":\"silberFuchs\",\"description\":\"Das Online-Magazin der Adullam Spit\u00e4ler und Pflegezentren\",\"publisher\":{\"@id\":\"https:\\\/\\\/www.adullam.ch\\\/magazin\\\/#organization\"},\"potentialAction\":[{\"@type\":\"SearchAction\",\"target\":{\"@type\":\"EntryPoint\",\"urlTemplate\":\"https:\\\/\\\/www.adullam.ch\\\/magazin\\\/?s={search_term_string}\"},\"query-input\":{\"@type\":\"PropertyValueSpecification\",\"valueRequired\":true,\"valueName\":\"search_term_string\"}}],\"inLanguage\":\"de-CH\"},{\"@type\":\"Organization\",\"@id\":\"https:\\\/\\\/www.adullam.ch\\\/magazin\\\/#organization\",\"name\":\"silverFuchs\",\"alternateName\":\"Magazin von Adullam\",\"url\":\"https:\\\/\\\/www.adullam.ch\\\/magazin\\\/\",\"logo\":{\"@type\":\"ImageObject\",\"inLanguage\":\"de-CH\",\"@id\":\"https:\\\/\\\/www.adullam.ch\\\/magazin\\\/#\\\/schema\\\/logo\\\/image\\\/\",\"url\":\"https:\\\/\\\/www.adullam.ch\\\/magazin\\\/wp-content\\\/uploads\\\/2023\\\/08\\\/cropped-silberFuchs_Favicon.png\",\"contentUrl\":\"https:\\\/\\\/www.adullam.ch\\\/magazin\\\/wp-content\\\/uploads\\\/2023\\\/08\\\/cropped-silberFuchs_Favicon.png\",\"width\":512,\"height\":512,\"caption\":\"silverFuchs\"},\"image\":{\"@id\":\"https:\\\/\\\/www.adullam.ch\\\/magazin\\\/#\\\/schema\\\/logo\\\/image\\\/\"}},{\"@type\":\"Person\",\"@id\":\"https:\\\/\\\/www.adullam.ch\\\/magazin\\\/#\\\/schema\\\/person\\\/6ed0856fe3f6d3a2366d7469668cd0bf\",\"name\":\"Claudia Wasmer\"}]}<\/script>\n<!-- \/ Yoast SEO plugin. -->","yoast_head_json":{"title":"Therapie bei Allergien \u2013 auch im Alter sinnvoll? | silberFuchs","description":"Allergien: Die Hyposensibilisierung kann Beschwerden langfristig reduzieren. Doch ist sie auch f\u00fcr \u00e4ltere Menschen geeignet?","robots":{"index":"index","follow":"follow","max-snippet":"max-snippet:-1","max-image-preview":"max-image-preview:large","max-video-preview":"max-video-preview:-1"},"canonical":"https:\/\/www.adullam.ch\/magazin\/therapie-bei-allergien-auch-im-alter-sinnvoll\/","og_locale":"de_DE","og_type":"article","og_title":"Therapie bei Allergien \u2013 auch im Alter sinnvoll? | silberFuchs","og_description":"Allergien: Die Hyposensibilisierung kann Beschwerden langfristig reduzieren. Doch ist sie auch f\u00fcr \u00e4ltere Menschen geeignet?","og_url":"https:\/\/www.adullam.ch\/magazin\/therapie-bei-allergien-auch-im-alter-sinnvoll\/","og_site_name":"silberFuchs","article_published_time":"2025-05-13T07:50:52+00:00","article_modified_time":"2025-05-13T07:50:54+00:00","og_image":[{"width":800,"height":451,"url":"https:\/\/www.adullam.ch\/magazin\/wp-content\/uploads\/2025\/05\/Hyposensibilisierung.jpg","type":"image\/jpeg"}],"author":"Claudia Wasmer","twitter_card":"summary_large_image","twitter_misc":{"Geschrieben von":"Claudia Wasmer","Gesch\u00e4tzte Lesezeit":"7\u00a0Minuten"},"schema":{"@context":"https:\/\/schema.org","@graph":[{"@type":"Article","@id":"https:\/\/www.adullam.ch\/magazin\/therapie-bei-allergien-auch-im-alter-sinnvoll\/#article","isPartOf":{"@id":"https:\/\/www.adullam.ch\/magazin\/therapie-bei-allergien-auch-im-alter-sinnvoll\/"},"author":{"name":"Claudia Wasmer","@id":"https:\/\/www.adullam.ch\/magazin\/#\/schema\/person\/6ed0856fe3f6d3a2366d7469668cd0bf"},"headline":"Therapie bei Allergien \u2013 auch im Alter sinnvoll?","datePublished":"2025-05-13T07:50:52+00:00","dateModified":"2025-05-13T07:50:54+00:00","mainEntityOfPage":{"@id":"https:\/\/www.adullam.ch\/magazin\/therapie-bei-allergien-auch-im-alter-sinnvoll\/"},"wordCount":1390,"commentCount":2,"publisher":{"@id":"https:\/\/www.adullam.ch\/magazin\/#organization"},"image":{"@id":"https:\/\/www.adullam.ch\/magazin\/therapie-bei-allergien-auch-im-alter-sinnvoll\/#primaryimage"},"thumbnailUrl":"https:\/\/www.adullam.ch\/magazin\/wp-content\/uploads\/2025\/05\/Hyposensibilisierung.jpg","articleSection":["Medizin &amp; Gesundheit","Ohne Kategorie","Startseite"],"inLanguage":"de-CH","potentialAction":[{"@type":"CommentAction","name":"Comment","target":["https:\/\/www.adullam.ch\/magazin\/therapie-bei-allergien-auch-im-alter-sinnvoll\/#respond"]}]},{"@type":"WebPage","@id":"https:\/\/www.adullam.ch\/magazin\/therapie-bei-allergien-auch-im-alter-sinnvoll\/","url":"https:\/\/www.adullam.ch\/magazin\/therapie-bei-allergien-auch-im-alter-sinnvoll\/","name":"Therapie bei Allergien \u2013 auch im Alter sinnvoll? | silberFuchs","isPartOf":{"@id":"https:\/\/www.adullam.ch\/magazin\/#website"},"primaryImageOfPage":{"@id":"https:\/\/www.adullam.ch\/magazin\/therapie-bei-allergien-auch-im-alter-sinnvoll\/#primaryimage"},"image":{"@id":"https:\/\/www.adullam.ch\/magazin\/therapie-bei-allergien-auch-im-alter-sinnvoll\/#primaryimage"},"thumbnailUrl":"https:\/\/www.adullam.ch\/magazin\/wp-content\/uploads\/2025\/05\/Hyposensibilisierung.jpg","datePublished":"2025-05-13T07:50:52+00:00","dateModified":"2025-05-13T07:50:54+00:00","description":"Allergien: Die Hyposensibilisierung kann Beschwerden langfristig reduzieren. Doch ist sie auch f\u00fcr \u00e4ltere Menschen geeignet?","breadcrumb":{"@id":"https:\/\/www.adullam.ch\/magazin\/therapie-bei-allergien-auch-im-alter-sinnvoll\/#breadcrumb"},"inLanguage":"de-CH","potentialAction":[{"@type":"ReadAction","target":["https:\/\/www.adullam.ch\/magazin\/therapie-bei-allergien-auch-im-alter-sinnvoll\/"]}]},{"@type":"ImageObject","inLanguage":"de-CH","@id":"https:\/\/www.adullam.ch\/magazin\/therapie-bei-allergien-auch-im-alter-sinnvoll\/#primaryimage","url":"https:\/\/www.adullam.ch\/magazin\/wp-content\/uploads\/2025\/05\/Hyposensibilisierung.jpg","contentUrl":"https:\/\/www.adullam.ch\/magazin\/wp-content\/uploads\/2025\/05\/Hyposensibilisierung.jpg","width":800,"height":451,"caption":"Frau steht in bl\u00fchender Wiese und leidet unter Allergie"},{"@type":"BreadcrumbList","@id":"https:\/\/www.adullam.ch\/magazin\/therapie-bei-allergien-auch-im-alter-sinnvoll\/#breadcrumb","itemListElement":[{"@type":"ListItem","position":1,"name":"Startseite","item":"https:\/\/www.adullam.ch\/magazin\/"},{"@type":"ListItem","position":2,"name":"Therapie bei Allergien \u2013 auch im Alter sinnvoll?"}]},{"@type":"WebSite","@id":"https:\/\/www.adullam.ch\/magazin\/#website","url":"https:\/\/www.adullam.ch\/magazin\/","name":"silberFuchs","description":"Das Online-Magazin der Adullam Spit\u00e4ler und Pflegezentren","publisher":{"@id":"https:\/\/www.adullam.ch\/magazin\/#organization"},"potentialAction":[{"@type":"SearchAction","target":{"@type":"EntryPoint","urlTemplate":"https:\/\/www.adullam.ch\/magazin\/?s={search_term_string}"},"query-input":{"@type":"PropertyValueSpecification","valueRequired":true,"valueName":"search_term_string"}}],"inLanguage":"de-CH"},{"@type":"Organization","@id":"https:\/\/www.adullam.ch\/magazin\/#organization","name":"silverFuchs","alternateName":"Magazin von Adullam","url":"https:\/\/www.adullam.ch\/magazin\/","logo":{"@type":"ImageObject","inLanguage":"de-CH","@id":"https:\/\/www.adullam.ch\/magazin\/#\/schema\/logo\/image\/","url":"https:\/\/www.adullam.ch\/magazin\/wp-content\/uploads\/2023\/08\/cropped-silberFuchs_Favicon.png","contentUrl":"https:\/\/www.adullam.ch\/magazin\/wp-content\/uploads\/2023\/08\/cropped-silberFuchs_Favicon.png","width":512,"height":512,"caption":"silverFuchs"},"image":{"@id":"https:\/\/www.adullam.ch\/magazin\/#\/schema\/logo\/image\/"}},{"@type":"Person","@id":"https:\/\/www.adullam.ch\/magazin\/#\/schema\/person\/6ed0856fe3f6d3a2366d7469668cd0bf","name":"Claudia Wasmer"}]}},"_links":{"self":[{"href":"https:\/\/www.adullam.ch\/magazin\/wp-json\/wp\/v2\/posts\/9502","targetHints":{"allow":["GET"]}}],"collection":[{"href":"https:\/\/www.adullam.ch\/magazin\/wp-json\/wp\/v2\/posts"}],"about":[{"href":"https:\/\/www.adullam.ch\/magazin\/wp-json\/wp\/v2\/types\/post"}],"author":[{"embeddable":true,"href":"https:\/\/www.adullam.ch\/magazin\/wp-json\/wp\/v2\/users\/3"}],"replies":[{"embeddable":true,"href":"https:\/\/www.adullam.ch\/magazin\/wp-json\/wp\/v2\/comments?post=9502"}],"version-history":[{"count":26,"href":"https:\/\/www.adullam.ch\/magazin\/wp-json\/wp\/v2\/posts\/9502\/revisions"}],"predecessor-version":[{"id":9535,"href":"https:\/\/www.adullam.ch\/magazin\/wp-json\/wp\/v2\/posts\/9502\/revisions\/9535"}],"wp:featuredmedia":[{"embeddable":true,"href":"https:\/\/www.adullam.ch\/magazin\/wp-json\/wp\/v2\/media\/9512"}],"wp:attachment":[{"href":"https:\/\/www.adullam.ch\/magazin\/wp-json\/wp\/v2\/media?parent=9502"}],"wp:term":[{"taxonomy":"category","embeddable":true,"href":"https:\/\/www.adullam.ch\/magazin\/wp-json\/wp\/v2\/categories?post=9502"},{"taxonomy":"post_tag","embeddable":true,"href":"https:\/\/www.adullam.ch\/magazin\/wp-json\/wp\/v2\/tags?post=9502"}],"curies":[{"name":"wp","href":"https:\/\/api.w.org\/{rel}","templated":true}]}}